{"id":24993,"date":"2016-03-12T18:24:24","date_gmt":"2016-03-12T18:24:24","guid":{"rendered":"http:\/\/copades.com\/monec\/?p=24993"},"modified":"2016-03-14T18:26:09","modified_gmt":"2016-03-14T18:26:09","slug":"ue-destina-mas-fondos-para-cuba","status":"publish","type":"post","link":"https:\/\/copades.com\/monec\/?p=24993","title":{"rendered":"UE destina m\u00e1s fondos para Cuba"},"content":{"rendered":"<p style=\"text-align: justify;\">La Uni\u00f3n Europea (UE) destinar\u00e1 una partida adicional de 10 millones de euros para el desarrollo de Cuba, que forma parte de un presupuesto de 50 millones de euros destinados para el pa\u00eds en el per\u00edodo 2014-2020, seg\u00fan anunci\u00f3 este viernes el comisario europeo de Desarrollo, <strong>Neven Mimica<\/strong>. Mimica, que est\u00e1 de visita en La Habana, declar\u00f3 que este nuevo apoyo \u201ccontribuir\u00e1 a desarrollar las capacidades de la Administraci\u00f3n p\u00fablica cubana y la producci\u00f3n sostenible de alimentos\u201d, seg\u00fan un comunicado de la Comisi\u00f3n Europea (CE). (Prensa Libre 12.03.16)<\/p>\n","protected":false},"excerpt":{"rendered":"<p>La Uni\u00f3n Europea (UE) destinar\u00e1 una partida adicional de 10 millones de euros para el desarrollo de Cuba, que forma parte de un presupuesto de 50 millones de euros destinados para el pa\u00eds en&#46;&#46;&#46;<\/p>\n","protected":false},"author":1,"featured_media":0,"comment_status":"open","ping_status":"closed","sticky":false,"template":"","format":"standard","meta":{"footnotes":""},"categories":[55],"tags":[265,644,1312,149,343],"class_list":["post-24993","post","type-post","status-publish","format-standard","hentry","category-internacionales-seleccion","tag-ce","tag-comision-europea","tag-cuba","tag-ue","tag-union-europea"],"_links":{"self":[{"href":"https:\/\/copades.com\/monec\/index.php?rest_route=\/wp\/v2\/posts\/24993","targetHints":{"allow":["GET"]}}],"collection":[{"href":"https:\/\/copades.com\/monec\/index.php?rest_route=\/wp\/v2\/posts"}],"about":[{"href":"https:\/\/copades.com\/monec\/index.php?rest_route=\/wp\/v2\/types\/post"}],"author":[{"embeddable":true,"href":"https:\/\/copades.com\/monec\/index.php?rest_route=\/wp\/v2\/users\/1"}],"replies":[{"embeddable":true,"href":"https:\/\/copades.com\/monec\/index.php?rest_route=%2Fwp%2Fv2%2Fcomments&post=24993"}],"version-history":[{"count":1,"href":"https:\/\/copades.com\/monec\/index.php?rest_route=\/wp\/v2\/posts\/24993\/revisions"}],"predecessor-version":[{"id":24994,"href":"https:\/\/copades.com\/monec\/index.php?rest_route=\/wp\/v2\/posts\/24993\/revisions\/24994"}],"wp:attachment":[{"href":"https:\/\/copades.com\/monec\/index.php?rest_route=%2Fwp%2Fv2%2Fmedia&parent=24993"}],"wp:term":[{"taxonomy":"category","embeddable":true,"href":"https:\/\/copades.com\/monec\/index.php?rest_route=%2Fwp%2Fv2%2Fcategories&post=24993"},{"taxonomy":"post_tag","embeddable":true,"href":"https:\/\/copades.com\/monec\/index.php?rest_route=%2Fwp%2Fv2%2Ftags&post=24993"}],"curies":[{"name":"wp","href":"https:\/\/api.w.org\/{rel}","templated":true}]}}