{"id":25427,"date":"2016-04-07T17:34:14","date_gmt":"2016-04-07T17:34:14","guid":{"rendered":"http:\/\/copades.com\/monec\/?p=25427"},"modified":"2016-04-07T17:34:14","modified_gmt":"2016-04-07T17:34:14","slug":"evaluan-colocar-bonos-en-el-mercado-externo","status":"publish","type":"post","link":"https:\/\/copades.com\/monec\/?p=25427","title":{"rendered":"Eval\u00faan colocar bonos en el mercado externo"},"content":{"rendered":"<p style=\"text-align: justify;\">El ministerio de Finanzas P\u00fablicas (MINFIN) eval\u00faa la posibilidad de colocar una parte de bonos en el mercado internacional. <strong>Julio H\u00e9ctor Estrada<\/strong>, titular del MINFIN, inform\u00f3 ayer que se eval\u00faa esa posibilidad, ante la evoluci\u00f3n favorable que han tenido los bonos guatemaltecos en el mercado internacional en los \u00faltimos dos meses. Esta semana la cartera del Tesoro tom\u00f3 la decisi\u00f3n de abstenerse de convocar a una licitaci\u00f3n de los t\u00edtulos del Estado, a pesar de que la demanda de los inversionistas locales se ha mantenido. (El Peri\u00f3dico 07.04.16)<\/p>\n","protected":false},"excerpt":{"rendered":"<p>El ministerio de Finanzas P\u00fablicas (MINFIN) eval\u00faa la posibilidad de colocar una parte de bonos en el mercado internacional. Julio H\u00e9ctor Estrada, titular del MINFIN, inform\u00f3 ayer que se eval\u00faa esa posibilidad, ante la&#46;&#46;&#46;<\/p>\n","protected":false},"author":1,"featured_media":0,"comment_status":"open","ping_status":"closed","sticky":false,"template":"","format":"standard","meta":{"footnotes":""},"categories":[41,39],"tags":[206,819],"class_list":["post-25427","post","type-post","status-publish","format-standard","hentry","category-finanzas-publicas","category-sector-publico","tag-minfin","tag-ministerio-de-finanzas-publicas"],"_links":{"self":[{"href":"https:\/\/copades.com\/monec\/index.php?rest_route=\/wp\/v2\/posts\/25427","targetHints":{"allow":["GET"]}}],"collection":[{"href":"https:\/\/copades.com\/monec\/index.php?rest_route=\/wp\/v2\/posts"}],"about":[{"href":"https:\/\/copades.com\/monec\/index.php?rest_route=\/wp\/v2\/types\/post"}],"author":[{"embeddable":true,"href":"https:\/\/copades.com\/monec\/index.php?rest_route=\/wp\/v2\/users\/1"}],"replies":[{"embeddable":true,"href":"https:\/\/copades.com\/monec\/index.php?rest_route=%2Fwp%2Fv2%2Fcomments&post=25427"}],"version-history":[{"count":1,"href":"https:\/\/copades.com\/monec\/index.php?rest_route=\/wp\/v2\/posts\/25427\/revisions"}],"predecessor-version":[{"id":25428,"href":"https:\/\/copades.com\/monec\/index.php?rest_route=\/wp\/v2\/posts\/25427\/revisions\/25428"}],"wp:attachment":[{"href":"https:\/\/copades.com\/monec\/index.php?rest_route=%2Fwp%2Fv2%2Fmedia&parent=25427"}],"wp:term":[{"taxonomy":"category","embeddable":true,"href":"https:\/\/copades.com\/monec\/index.php?rest_route=%2Fwp%2Fv2%2Fcategories&post=25427"},{"taxonomy":"post_tag","embeddable":true,"href":"https:\/\/copades.com\/monec\/index.php?rest_route=%2Fwp%2Fv2%2Ftags&post=25427"}],"curies":[{"name":"wp","href":"https:\/\/api.w.org\/{rel}","templated":true}]}}