{"id":26229,"date":"2016-05-19T12:19:26","date_gmt":"2016-05-19T18:19:26","guid":{"rendered":"http:\/\/copades.com\/monec\/?p=26229"},"modified":"2016-05-27T12:21:30","modified_gmt":"2016-05-27T18:21:30","slug":"civ-abre-dialogo-con-el-correo-y-le-pide-atender-el-servicio","status":"publish","type":"post","link":"https:\/\/copades.com\/monec\/?p=26229","title":{"rendered":"CIV abre di\u00e1logo con El Correo y le pide atender el servicio"},"content":{"rendered":"<p style=\"text-align: justify;\">El Ministerio de Comunicaciones (CIV) solicit\u00f3 a Correos de Guatemala este mi\u00e9rcoles que no suspenda el servicio al p\u00fablico, lo cual comenz\u00f3 hoy, luego que el Congreso no ampliara el contrato de concesi\u00f3n. Funcionarios de la cartera se reunieron con la directiva de Correos de Guatemala para solicitar que cumpla con las acciones legales de acuerdo con el reglamento del contrato de concesi\u00f3n que el Congreso de la Rep\u00fablica otorg\u00f3 y que qued\u00f3 improbado el presente a\u00f1o, informa un bolet\u00edn de prensa. (Prensa Libre 19.05.16)<\/p>\n","protected":false},"excerpt":{"rendered":"<p>El Ministerio de Comunicaciones (CIV) solicit\u00f3 a Correos de Guatemala este mi\u00e9rcoles que no suspenda el servicio al p\u00fablico, lo cual comenz\u00f3 hoy, luego que el Congreso no ampliara el contrato de concesi\u00f3n. Funcionarios&#46;&#46;&#46;<\/p>\n","protected":false},"author":1,"featured_media":0,"comment_status":"open","ping_status":"closed","sticky":false,"template":"","format":"standard","meta":{"footnotes":""},"categories":[4],"tags":[196,4788,3849],"class_list":["post-26229","post","type-post","status-publish","format-standard","hentry","category-actividad-legislativa","tag-civ","tag-correos-de-guatemala","tag-ministerio-de-comunicaciones"],"_links":{"self":[{"href":"https:\/\/copades.com\/monec\/index.php?rest_route=\/wp\/v2\/posts\/26229","targetHints":{"allow":["GET"]}}],"collection":[{"href":"https:\/\/copades.com\/monec\/index.php?rest_route=\/wp\/v2\/posts"}],"about":[{"href":"https:\/\/copades.com\/monec\/index.php?rest_route=\/wp\/v2\/types\/post"}],"author":[{"embeddable":true,"href":"https:\/\/copades.com\/monec\/index.php?rest_route=\/wp\/v2\/users\/1"}],"replies":[{"embeddable":true,"href":"https:\/\/copades.com\/monec\/index.php?rest_route=%2Fwp%2Fv2%2Fcomments&post=26229"}],"version-history":[{"count":1,"href":"https:\/\/copades.com\/monec\/index.php?rest_route=\/wp\/v2\/posts\/26229\/revisions"}],"predecessor-version":[{"id":26230,"href":"https:\/\/copades.com\/monec\/index.php?rest_route=\/wp\/v2\/posts\/26229\/revisions\/26230"}],"wp:attachment":[{"href":"https:\/\/copades.com\/monec\/index.php?rest_route=%2Fwp%2Fv2%2Fmedia&parent=26229"}],"wp:term":[{"taxonomy":"category","embeddable":true,"href":"https:\/\/copades.com\/monec\/index.php?rest_route=%2Fwp%2Fv2%2Fcategories&post=26229"},{"taxonomy":"post_tag","embeddable":true,"href":"https:\/\/copades.com\/monec\/index.php?rest_route=%2Fwp%2Fv2%2Ftags&post=26229"}],"curies":[{"name":"wp","href":"https:\/\/api.w.org\/{rel}","templated":true}]}}