{"id":26492,"date":"2016-06-03T12:07:38","date_gmt":"2016-06-03T18:07:38","guid":{"rendered":"http:\/\/copades.com\/monec\/?p=26492"},"modified":"2016-06-03T12:07:38","modified_gmt":"2016-06-03T18:07:38","slug":"solo-un-ministro-integraria-directorio","status":"publish","type":"post","link":"https:\/\/copades.com\/monec\/?p=26492","title":{"rendered":"Solo un ministro integrar\u00eda directorio"},"content":{"rendered":"<p style=\"text-align: justify;\">El presidente de la Comisi\u00f3n Legislativa de Finanzas P\u00fablicas y Moneda, <strong>Jairo Flores<\/strong>, inform\u00f3 que este jueves se reunieron con la Superintendencia de Administraci\u00f3n Tributaria (SAT), los empresarios y el Ministerio de Finanzas, para definir algunos puntos finales respecto a la reestructuraci\u00f3n de la entidad recaudadora. A ra\u00edz de las cr\u00edticas que recibi\u00f3 la propuesta anterior de integrar el directorio con el ministro de Finanzas P\u00fablicas, el de Econom\u00eda y el presidente del Banco de Guatemala, se lleg\u00f3 a un acuerdo respecto a la conformaci\u00f3n del \u00f3rgano colegiado. \u201cEl resultado de la reuni\u00f3n de hoy (ayer) es que vamos a apostar por un directorio reducido a tres personas, integrado por el ministro de Finanzas, dos personas externas y el superintendente, que trabajar\u00e1 como secretario, con voz pero sin voto\u201d, explic\u00f3 el parlamentario. (Siglo 21\/Prensa Libre 03.06.16)<\/p>\n","protected":false},"excerpt":{"rendered":"<p>El presidente de la Comisi\u00f3n Legislativa de Finanzas P\u00fablicas y Moneda, Jairo Flores, inform\u00f3 que este jueves se reunieron con la Superintendencia de Administraci\u00f3n Tributaria (SAT), los empresarios y el Ministerio de Finanzas, para&#46;&#46;&#46;<\/p>\n","protected":false},"author":1,"featured_media":0,"comment_status":"open","ping_status":"closed","sticky":false,"template":"","format":"standard","meta":{"footnotes":""},"categories":[41,39],"tags":[835,4838,1559,79,2998],"class_list":["post-26492","post","type-post","status-publish","format-standard","hentry","category-finanzas-publicas","category-sector-publico","tag-banco-de-guatemala","tag-comision-legislativa-de-finanzas-publicas-y-moneda","tag-ministerio-de-finanzas","tag-sat","tag-superintendencia-de-administracion-tributaria"],"_links":{"self":[{"href":"https:\/\/copades.com\/monec\/index.php?rest_route=\/wp\/v2\/posts\/26492","targetHints":{"allow":["GET"]}}],"collection":[{"href":"https:\/\/copades.com\/monec\/index.php?rest_route=\/wp\/v2\/posts"}],"about":[{"href":"https:\/\/copades.com\/monec\/index.php?rest_route=\/wp\/v2\/types\/post"}],"author":[{"embeddable":true,"href":"https:\/\/copades.com\/monec\/index.php?rest_route=\/wp\/v2\/users\/1"}],"replies":[{"embeddable":true,"href":"https:\/\/copades.com\/monec\/index.php?rest_route=%2Fwp%2Fv2%2Fcomments&post=26492"}],"version-history":[{"count":1,"href":"https:\/\/copades.com\/monec\/index.php?rest_route=\/wp\/v2\/posts\/26492\/revisions"}],"predecessor-version":[{"id":26493,"href":"https:\/\/copades.com\/monec\/index.php?rest_route=\/wp\/v2\/posts\/26492\/revisions\/26493"}],"wp:attachment":[{"href":"https:\/\/copades.com\/monec\/index.php?rest_route=%2Fwp%2Fv2%2Fmedia&parent=26492"}],"wp:term":[{"taxonomy":"category","embeddable":true,"href":"https:\/\/copades.com\/monec\/index.php?rest_route=%2Fwp%2Fv2%2Fcategories&post=26492"},{"taxonomy":"post_tag","embeddable":true,"href":"https:\/\/copades.com\/monec\/index.php?rest_route=%2Fwp%2Fv2%2Ftags&post=26492"}],"curies":[{"name":"wp","href":"https:\/\/api.w.org\/{rel}","templated":true}]}}