{"id":27511,"date":"2016-07-30T09:30:05","date_gmt":"2016-07-30T15:30:05","guid":{"rendered":"http:\/\/copades.com\/monec\/?p=27511"},"modified":"2016-08-02T09:31:05","modified_gmt":"2016-08-02T15:31:05","slug":"mercosur-pasa-por-una-crisis-grave-sostiene-ministro-uruguayo","status":"publish","type":"post","link":"https:\/\/copades.com\/monec\/?p=27511","title":{"rendered":"Mercosur pasa por una crisis \u201cgrave\u201d, sostiene ministro uruguayo"},"content":{"rendered":"<p style=\"text-align: justify;\">El ministro de Econom\u00eda y exvicepresidente de Uruguay, <strong>Danilo Astori<\/strong>, afirm\u00f3 hoy que el Mercosur atraviesa por una crisis institucional \u201cgrave\u201d y no ve una salida clara a corto plazo. \u201cCreo que nunca hab\u00edamos llegado a esta situaci\u00f3n en la que ya no solo no operamos como bloque de integraci\u00f3n subregional que tiene importancia para la producci\u00f3n, el comercio y la inversi\u00f3n, sino que tenemos problemas institucionales graves\u201d, dijo Astori. El jefe de la econom\u00eda uruguaya confes\u00f3 ante empresarios locales, que desconf\u00eda que a corto plazo pueda haber una salida para este problema, que mantiene estancado al proceso regional que integran Argentina, Brasil, Paraguay, Uruguay y Venezuela. (La Hora 30.07.16)<\/p>\n","protected":false},"excerpt":{"rendered":"<p>El ministro de Econom\u00eda y exvicepresidente de Uruguay, Danilo Astori, afirm\u00f3 hoy que el Mercosur atraviesa por una crisis institucional \u201cgrave\u201d y no ve una salida clara a corto plazo. \u201cCreo que nunca hab\u00edamos&#46;&#46;&#46;<\/p>\n","protected":false},"author":1,"featured_media":0,"comment_status":"open","ping_status":"closed","sticky":false,"template":"","format":"standard","meta":{"footnotes":""},"categories":[55],"tags":[656,2972],"class_list":["post-27511","post","type-post","status-publish","format-standard","hentry","category-internacionales-seleccion","tag-mercosur","tag-uruguay"],"_links":{"self":[{"href":"https:\/\/copades.com\/monec\/index.php?rest_route=\/wp\/v2\/posts\/27511","targetHints":{"allow":["GET"]}}],"collection":[{"href":"https:\/\/copades.com\/monec\/index.php?rest_route=\/wp\/v2\/posts"}],"about":[{"href":"https:\/\/copades.com\/monec\/index.php?rest_route=\/wp\/v2\/types\/post"}],"author":[{"embeddable":true,"href":"https:\/\/copades.com\/monec\/index.php?rest_route=\/wp\/v2\/users\/1"}],"replies":[{"embeddable":true,"href":"https:\/\/copades.com\/monec\/index.php?rest_route=%2Fwp%2Fv2%2Fcomments&post=27511"}],"version-history":[{"count":1,"href":"https:\/\/copades.com\/monec\/index.php?rest_route=\/wp\/v2\/posts\/27511\/revisions"}],"predecessor-version":[{"id":27512,"href":"https:\/\/copades.com\/monec\/index.php?rest_route=\/wp\/v2\/posts\/27511\/revisions\/27512"}],"wp:attachment":[{"href":"https:\/\/copades.com\/monec\/index.php?rest_route=%2Fwp%2Fv2%2Fmedia&parent=27511"}],"wp:term":[{"taxonomy":"category","embeddable":true,"href":"https:\/\/copades.com\/monec\/index.php?rest_route=%2Fwp%2Fv2%2Fcategories&post=27511"},{"taxonomy":"post_tag","embeddable":true,"href":"https:\/\/copades.com\/monec\/index.php?rest_route=%2Fwp%2Fv2%2Ftags&post=27511"}],"curies":[{"name":"wp","href":"https:\/\/api.w.org\/{rel}","templated":true}]}}