{"id":27615,"date":"2016-08-04T12:37:04","date_gmt":"2016-08-04T18:37:04","guid":{"rendered":"http:\/\/copades.com\/monec\/?p=27615"},"modified":"2016-08-04T12:37:04","modified_gmt":"2016-08-04T18:37:04","slug":"minfin-lanza-una-politica-ambiental","status":"publish","type":"post","link":"https:\/\/copades.com\/monec\/?p=27615","title":{"rendered":"MINFIN lanza una pol\u00edtica ambiental"},"content":{"rendered":"<p style=\"text-align: justify;\">Reducir el consumo de electricidad y agua, incentivar el uso de energ\u00edas alternativas, as\u00ed como implementar acciones para el manejo integral de desechos s\u00f3lidos y la gesti\u00f3n de recursos h\u00eddricos son parte de los objetivos de la iniciativa ambiental que present\u00f3 ayer el Ministerio de Finanzas (MINFIN). \u201cEsta pol\u00edtica es una oportunidad para la promoci\u00f3n de acciones enfocadas hacia un desarrollo bajo en emisiones y que, a la vez, promuevan una adaptaci\u00f3n al cambio clim\u00e1tico, teniendo la proyecci\u00f3n que este sea el comienzo de la generaci\u00f3n de una plataforma estatal de soporte para la creaci\u00f3n de pol\u00edticas y programas\u201d, indic\u00f3 <strong>Julio H\u00e9ctor Estrada<\/strong>, titular de la cartera del Tesoro. (Diario de Centroam\u00e9rica 04.08.16)<\/p>\n","protected":false},"excerpt":{"rendered":"<p>Reducir el consumo de electricidad y agua, incentivar el uso de energ\u00edas alternativas, as\u00ed como implementar acciones para el manejo integral de desechos s\u00f3lidos y la gesti\u00f3n de recursos h\u00eddricos son parte de los&#46;&#46;&#46;<\/p>\n","protected":false},"author":1,"featured_media":0,"comment_status":"open","ping_status":"closed","sticky":false,"template":"","format":"standard","meta":{"footnotes":""},"categories":[48],"tags":[206,1559],"class_list":["post-27615","post","type-post","status-publish","format-standard","hentry","category-medio-ambiente","tag-minfin","tag-ministerio-de-finanzas"],"_links":{"self":[{"href":"https:\/\/copades.com\/monec\/index.php?rest_route=\/wp\/v2\/posts\/27615","targetHints":{"allow":["GET"]}}],"collection":[{"href":"https:\/\/copades.com\/monec\/index.php?rest_route=\/wp\/v2\/posts"}],"about":[{"href":"https:\/\/copades.com\/monec\/index.php?rest_route=\/wp\/v2\/types\/post"}],"author":[{"embeddable":true,"href":"https:\/\/copades.com\/monec\/index.php?rest_route=\/wp\/v2\/users\/1"}],"replies":[{"embeddable":true,"href":"https:\/\/copades.com\/monec\/index.php?rest_route=%2Fwp%2Fv2%2Fcomments&post=27615"}],"version-history":[{"count":1,"href":"https:\/\/copades.com\/monec\/index.php?rest_route=\/wp\/v2\/posts\/27615\/revisions"}],"predecessor-version":[{"id":27616,"href":"https:\/\/copades.com\/monec\/index.php?rest_route=\/wp\/v2\/posts\/27615\/revisions\/27616"}],"wp:attachment":[{"href":"https:\/\/copades.com\/monec\/index.php?rest_route=%2Fwp%2Fv2%2Fmedia&parent=27615"}],"wp:term":[{"taxonomy":"category","embeddable":true,"href":"https:\/\/copades.com\/monec\/index.php?rest_route=%2Fwp%2Fv2%2Fcategories&post=27615"},{"taxonomy":"post_tag","embeddable":true,"href":"https:\/\/copades.com\/monec\/index.php?rest_route=%2Fwp%2Fv2%2Ftags&post=27615"}],"curies":[{"name":"wp","href":"https:\/\/api.w.org\/{rel}","templated":true}]}}