{"id":27930,"date":"2016-08-24T11:28:44","date_gmt":"2016-08-24T17:28:44","guid":{"rendered":"http:\/\/copades.com\/monec\/?p=27930"},"modified":"2016-08-24T11:28:44","modified_gmt":"2016-08-24T17:28:44","slug":"presentan-la-politica-economica-2016-2021","status":"publish","type":"post","link":"https:\/\/copades.com\/monec\/?p=27930","title":{"rendered":"Presentan la Pol\u00edtica Econ\u00f3mica 2016 \u2013 2021"},"content":{"rendered":"<p style=\"text-align: justify;\">Atender los desaf\u00edos locales como la pobreza, el desempleo, la degradaci\u00f3n ambiental, as\u00ed como aprovechar las oportunidades que ofrece el mercado global, las cadenas de valor y la tecnolog\u00eda, son los retos que desea superar Guatemala por medio de la Pol\u00edtica Econ\u00f3mica 2016-2021, que present\u00f3 ayer <strong>Rub\u00e9n Morales<\/strong>, ministro de Econom\u00eda. El funcionario explic\u00f3 durante una reuni\u00f3n extraordinaria del Gabinete Econ\u00f3mico, liderada por el vicepresidente <strong>Jafeth Cabrera<\/strong>, que la estrategia busca impulsar un crecimiento incluyente y sostenible sin afectar la estabilidad macroecon\u00f3mica, privilegiando la productividad mejorada, que equivale a incrementar la inversi\u00f3n en las personas. Con la aplicaci\u00f3n de los ejes incluyente y sostenible, se espera alcanzar un crecimiento del Producto Interno Bruto (PIB) de hasta el 5.1 por ciento en 2021. (Diario de Centroam\u00e9rica\/Prensa Libre\/Siglo 21 24.08.16)<\/p>\n","protected":false},"excerpt":{"rendered":"<p>Atender los desaf\u00edos locales como la pobreza, el desempleo, la degradaci\u00f3n ambiental, as\u00ed como aprovechar las oportunidades que ofrece el mercado global, las cadenas de valor y la tecnolog\u00eda, son los retos que desea&#46;&#46;&#46;<\/p>\n","protected":false},"author":1,"featured_media":0,"comment_status":"open","ping_status":"closed","sticky":false,"template":"","format":"standard","meta":{"footnotes":""},"categories":[5,9],"tags":[142,5075,1564],"class_list":["post-27930","post","type-post","status-publish","format-standard","hentry","category-actividad-productiva","category-actividad-productiva-actividad-productiva","tag-pib","tag-politica-economica-2016-2021","tag-producto-interno-bruto"],"_links":{"self":[{"href":"https:\/\/copades.com\/monec\/index.php?rest_route=\/wp\/v2\/posts\/27930","targetHints":{"allow":["GET"]}}],"collection":[{"href":"https:\/\/copades.com\/monec\/index.php?rest_route=\/wp\/v2\/posts"}],"about":[{"href":"https:\/\/copades.com\/monec\/index.php?rest_route=\/wp\/v2\/types\/post"}],"author":[{"embeddable":true,"href":"https:\/\/copades.com\/monec\/index.php?rest_route=\/wp\/v2\/users\/1"}],"replies":[{"embeddable":true,"href":"https:\/\/copades.com\/monec\/index.php?rest_route=%2Fwp%2Fv2%2Fcomments&post=27930"}],"version-history":[{"count":1,"href":"https:\/\/copades.com\/monec\/index.php?rest_route=\/wp\/v2\/posts\/27930\/revisions"}],"predecessor-version":[{"id":27931,"href":"https:\/\/copades.com\/monec\/index.php?rest_route=\/wp\/v2\/posts\/27930\/revisions\/27931"}],"wp:attachment":[{"href":"https:\/\/copades.com\/monec\/index.php?rest_route=%2Fwp%2Fv2%2Fmedia&parent=27930"}],"wp:term":[{"taxonomy":"category","embeddable":true,"href":"https:\/\/copades.com\/monec\/index.php?rest_route=%2Fwp%2Fv2%2Fcategories&post=27930"},{"taxonomy":"post_tag","embeddable":true,"href":"https:\/\/copades.com\/monec\/index.php?rest_route=%2Fwp%2Fv2%2Ftags&post=27930"}],"curies":[{"name":"wp","href":"https:\/\/api.w.org\/{rel}","templated":true}]}}