{"id":27950,"date":"2016-08-25T12:52:19","date_gmt":"2016-08-25T18:52:19","guid":{"rendered":"http:\/\/copades.com\/monec\/?p=27950"},"modified":"2016-08-25T12:52:19","modified_gmt":"2016-08-25T18:52:19","slug":"proyecto-de-presupuesto-llegara-al-congreso","status":"publish","type":"post","link":"https:\/\/copades.com\/monec\/?p=27950","title":{"rendered":"Proyecto de Presupuesto llegar\u00e1 al Congreso"},"content":{"rendered":"<p style=\"text-align: justify;\">El Organismo Legislativo recibir\u00e1 la pr\u00f3xima semana la propuesta de Presupuesto General de Ingresos y Egresos para 2017, indic\u00f3 ayer el ministro de Finanzas, <strong>Julio H\u00e9ctor Estrada<\/strong>. \u201cLa iniciativa quedar\u00e1 en manos de los diputados, quienes tendr\u00e1n que remitirla a la comisi\u00f3n respectiva para su an\u00e1lisis y posterior dictamen\u201d, dijo el funcionario, y a\u00f1adi\u00f3 que, de ser convocado por los congresistas, participar\u00eda en las discusiones t\u00e9cnicas para explicar las asignaciones sugeridas para cada entidad, as\u00ed como las estimaciones en materia de recaudaci\u00f3n. Jairo Flores, presidente de la sala de Finanzas y Moneda del Congreso de la Rep\u00fablica, manifest\u00f3 que al conocer el proyecto se realizar\u00e1n audiencias p\u00fablicas, tal como ha ocurrido en ocasiones anteriores, con el prop\u00f3sito de determinar la viabilidad de lo requerido por el Ejecutivo. (Diario de Centroam\u00e9rica 25.08.16)<\/p>\n","protected":false},"excerpt":{"rendered":"<p>El Organismo Legislativo recibir\u00e1 la pr\u00f3xima semana la propuesta de Presupuesto General de Ingresos y Egresos para 2017, indic\u00f3 ayer el ministro de Finanzas, Julio H\u00e9ctor Estrada. \u201cLa iniciativa quedar\u00e1 en manos de los&#46;&#46;&#46;<\/p>\n","protected":false},"author":1,"featured_media":0,"comment_status":"open","ping_status":"closed","sticky":false,"template":"","format":"standard","meta":{"footnotes":""},"categories":[4],"tags":[4561,5078],"class_list":["post-27950","post","type-post","status-publish","format-standard","hentry","category-actividad-legislativa","tag-presupuesto-2017","tag-presupuesto-general-de-ingresos-y-egreso-2017"],"_links":{"self":[{"href":"https:\/\/copades.com\/monec\/index.php?rest_route=\/wp\/v2\/posts\/27950","targetHints":{"allow":["GET"]}}],"collection":[{"href":"https:\/\/copades.com\/monec\/index.php?rest_route=\/wp\/v2\/posts"}],"about":[{"href":"https:\/\/copades.com\/monec\/index.php?rest_route=\/wp\/v2\/types\/post"}],"author":[{"embeddable":true,"href":"https:\/\/copades.com\/monec\/index.php?rest_route=\/wp\/v2\/users\/1"}],"replies":[{"embeddable":true,"href":"https:\/\/copades.com\/monec\/index.php?rest_route=%2Fwp%2Fv2%2Fcomments&post=27950"}],"version-history":[{"count":1,"href":"https:\/\/copades.com\/monec\/index.php?rest_route=\/wp\/v2\/posts\/27950\/revisions"}],"predecessor-version":[{"id":27951,"href":"https:\/\/copades.com\/monec\/index.php?rest_route=\/wp\/v2\/posts\/27950\/revisions\/27951"}],"wp:attachment":[{"href":"https:\/\/copades.com\/monec\/index.php?rest_route=%2Fwp%2Fv2%2Fmedia&parent=27950"}],"wp:term":[{"taxonomy":"category","embeddable":true,"href":"https:\/\/copades.com\/monec\/index.php?rest_route=%2Fwp%2Fv2%2Fcategories&post=27950"},{"taxonomy":"post_tag","embeddable":true,"href":"https:\/\/copades.com\/monec\/index.php?rest_route=%2Fwp%2Fv2%2Ftags&post=27950"}],"curies":[{"name":"wp","href":"https:\/\/api.w.org\/{rel}","templated":true}]}}