{"id":27982,"date":"2016-08-26T10:34:02","date_gmt":"2016-08-26T16:34:02","guid":{"rendered":"http:\/\/copades.com\/monec\/?p=27982"},"modified":"2016-08-26T10:34:02","modified_gmt":"2016-08-26T16:34:02","slug":"uber-enlista-pilotos-en-guatemala-pero-aun-no-llega","status":"publish","type":"post","link":"https:\/\/copades.com\/monec\/?p=27982","title":{"rendered":"Uber enlista pilotos en Guatemala, pero a\u00fan no llega"},"content":{"rendered":"<p style=\"text-align: justify;\">En un marco de inconformidades, dudas y protestas en varios pa\u00edses de Am\u00e9rica Latina y el mundo, el servicio de transporte Uber se acerca cada vez m\u00e1s al mercado guatemalteco. Aunque no tienen fecha confirmada de su posible operaci\u00f3n en el pa\u00eds, desde hace tres semanas la p\u00e1gina de internet www.uber.com recibe solicitudes de los interesados en ser conductores de esa empresa. <strong>Julie Robinson<\/strong>, gerente de Comunicaciones de Uber para Centroam\u00e9rica y el Caribe, explic\u00f3 por segunda vez, en una breve notificaci\u00f3n v\u00eda correo electr\u00f3nico, que por el momento no hay un plan definido para Guatemala. (Prensa Libre 26.08.16)<\/p>\n","protected":false},"excerpt":{"rendered":"<p>En un marco de inconformidades, dudas y protestas en varios pa\u00edses de Am\u00e9rica Latina y el mundo, el servicio de transporte Uber se acerca cada vez m\u00e1s al mercado guatemalteco. Aunque no tienen fecha&#46;&#46;&#46;<\/p>\n","protected":false},"author":1,"featured_media":0,"comment_status":"open","ping_status":"closed","sticky":false,"template":"","format":"standard","meta":{"footnotes":""},"categories":[49],"tags":[812,4735,5090,5091],"class_list":["post-27982","post","type-post","status-publish","format-standard","hentry","category-poblacion-empleos-y-salarios","tag-america-latina","tag-centroamerica-y-el-caribe","tag-servicio-de-transporte-uber","tag-uber"],"_links":{"self":[{"href":"https:\/\/copades.com\/monec\/index.php?rest_route=\/wp\/v2\/posts\/27982","targetHints":{"allow":["GET"]}}],"collection":[{"href":"https:\/\/copades.com\/monec\/index.php?rest_route=\/wp\/v2\/posts"}],"about":[{"href":"https:\/\/copades.com\/monec\/index.php?rest_route=\/wp\/v2\/types\/post"}],"author":[{"embeddable":true,"href":"https:\/\/copades.com\/monec\/index.php?rest_route=\/wp\/v2\/users\/1"}],"replies":[{"embeddable":true,"href":"https:\/\/copades.com\/monec\/index.php?rest_route=%2Fwp%2Fv2%2Fcomments&post=27982"}],"version-history":[{"count":1,"href":"https:\/\/copades.com\/monec\/index.php?rest_route=\/wp\/v2\/posts\/27982\/revisions"}],"predecessor-version":[{"id":27983,"href":"https:\/\/copades.com\/monec\/index.php?rest_route=\/wp\/v2\/posts\/27982\/revisions\/27983"}],"wp:attachment":[{"href":"https:\/\/copades.com\/monec\/index.php?rest_route=%2Fwp%2Fv2%2Fmedia&parent=27982"}],"wp:term":[{"taxonomy":"category","embeddable":true,"href":"https:\/\/copades.com\/monec\/index.php?rest_route=%2Fwp%2Fv2%2Fcategories&post=27982"},{"taxonomy":"post_tag","embeddable":true,"href":"https:\/\/copades.com\/monec\/index.php?rest_route=%2Fwp%2Fv2%2Ftags&post=27982"}],"curies":[{"name":"wp","href":"https:\/\/api.w.org\/{rel}","templated":true}]}}