{"id":28177,"date":"2016-09-08T11:24:06","date_gmt":"2016-09-08T17:24:06","guid":{"rendered":"http:\/\/copades.com\/monec\/?p=28177"},"modified":"2016-09-08T11:24:06","modified_gmt":"2016-09-08T17:24:06","slug":"hay-avances-en-servicios-tecnologicos","status":"publish","type":"post","link":"https:\/\/copades.com\/monec\/?p=28177","title":{"rendered":"Hay avances en servicios tecnol\u00f3gicos"},"content":{"rendered":"<p style=\"text-align: justify;\">En un per\u00edodo de 2 a\u00f1os, Guatemala mejor\u00f3 su posici\u00f3n en el desarrollo de servicios tecnol\u00f3gicos gubernamentales, al pasar del puesto 133 en 2014 al 102 en 2016, seg\u00fan la Encuesta Mundial sobre \u00cdndice de Desarrollo de Gobierno Electr\u00f3nico 2016 de la Organizaci\u00f3n de las Naciones Unidas (ONU). El estudio, que eval\u00faa la situaci\u00f3n de 193 pa\u00edses respecto del alcance y calidad de los servicios en l\u00ednea (OSI), el estado de la infraestructura de telecomunicaciones y el capital humano, refiere que Guatemala alcanz\u00f3 un puntaje de 0.4790, en el que la puntuaci\u00f3n m\u00e1xima es 1. De estas 3 variables, en donde mejor se posicion\u00f3 el pa\u00eds fue en el rango OSI, que lo ubica en un nivel alto, con 0.6667; le sigue el indicador de capital humano, con 0.5345; mientras que el de mayor rezago fue el de infraestructura en telecomunicaciones, con 0.2358. (Diario de Centroam\u00e9rica 08.09.16)<\/p>\n","protected":false},"excerpt":{"rendered":"<p>En un per\u00edodo de 2 a\u00f1os, Guatemala mejor\u00f3 su posici\u00f3n en el desarrollo de servicios tecnol\u00f3gicos gubernamentales, al pasar del puesto 133 en 2014 al 102 en 2016, seg\u00fan la Encuesta Mundial sobre \u00cdndice&#46;&#46;&#46;<\/p>\n","protected":false},"author":1,"featured_media":0,"comment_status":"open","ping_status":"closed","sticky":false,"template":"","format":"standard","meta":{"footnotes":""},"categories":[5,9],"tags":[121,3517,5132],"class_list":["post-28177","post","type-post","status-publish","format-standard","hentry","category-actividad-productiva","category-actividad-productiva-actividad-productiva","tag-onu","tag-organizacion-de-las-naciones-unidas","tag-osi"],"_links":{"self":[{"href":"https:\/\/copades.com\/monec\/index.php?rest_route=\/wp\/v2\/posts\/28177","targetHints":{"allow":["GET"]}}],"collection":[{"href":"https:\/\/copades.com\/monec\/index.php?rest_route=\/wp\/v2\/posts"}],"about":[{"href":"https:\/\/copades.com\/monec\/index.php?rest_route=\/wp\/v2\/types\/post"}],"author":[{"embeddable":true,"href":"https:\/\/copades.com\/monec\/index.php?rest_route=\/wp\/v2\/users\/1"}],"replies":[{"embeddable":true,"href":"https:\/\/copades.com\/monec\/index.php?rest_route=%2Fwp%2Fv2%2Fcomments&post=28177"}],"version-history":[{"count":1,"href":"https:\/\/copades.com\/monec\/index.php?rest_route=\/wp\/v2\/posts\/28177\/revisions"}],"predecessor-version":[{"id":28178,"href":"https:\/\/copades.com\/monec\/index.php?rest_route=\/wp\/v2\/posts\/28177\/revisions\/28178"}],"wp:attachment":[{"href":"https:\/\/copades.com\/monec\/index.php?rest_route=%2Fwp%2Fv2%2Fmedia&parent=28177"}],"wp:term":[{"taxonomy":"category","embeddable":true,"href":"https:\/\/copades.com\/monec\/index.php?rest_route=%2Fwp%2Fv2%2Fcategories&post=28177"},{"taxonomy":"post_tag","embeddable":true,"href":"https:\/\/copades.com\/monec\/index.php?rest_route=%2Fwp%2Fv2%2Ftags&post=28177"}],"curies":[{"name":"wp","href":"https:\/\/api.w.org\/{rel}","templated":true}]}}