{"id":28319,"date":"2016-09-20T11:28:49","date_gmt":"2016-09-20T17:28:49","guid":{"rendered":"http:\/\/copades.com\/monec\/?p=28319"},"modified":"2016-09-20T11:28:49","modified_gmt":"2016-09-20T17:28:49","slug":"piden-aumentar-tributo-a-cerveza","status":"publish","type":"post","link":"https:\/\/copades.com\/monec\/?p=28319","title":{"rendered":"Piden aumentar tributo a cerveza"},"content":{"rendered":"<p style=\"text-align: justify;\">Un aumento del 2 por ciento al impuesto a la cerveza y 1 por ciento al de los dem\u00e1s l\u00edquidos embriagantes, propone el diputado <strong>\u00c1lvaro Vel\u00e1squez<\/strong> con la iniciativa de reformas al Decreto 21-04, Ley de Distribuci\u00f3n de Bebidas Alcoh\u00f3licas. Vel\u00e1squez inform\u00f3 que el objetivo del incremento es obtener m\u00e1s recursos y destinarlos al Primer Nivel de Atenci\u00f3n en Salud y a los programas de prevenci\u00f3n de casos de consumo abusivo de estos productos. El art\u00edculo 10 de la actual normativa establece que la tarifa aplicable a la cerveza es del 6 por ciento sobre el precio sugerido al consumidor final; con el cambio, el monto ser\u00eda del 8 por ciento. En relaci\u00f3n con los art\u00edculos que determinan en 7.5 por ciento los grav\u00e1menes para vinos, bebidas fermentadas y mezcladas, ser\u00edan modificados para fijar la cuota en 8.5 por ciento. (Diario de Centroam\u00e9rica\/Prensa Libre\/El Peri\u00f3dico\/Siglo 21 20.09.16)<\/p>\n","protected":false},"excerpt":{"rendered":"<p>Un aumento del 2 por ciento al impuesto a la cerveza y 1 por ciento al de los dem\u00e1s l\u00edquidos embriagantes, propone el diputado \u00c1lvaro Vel\u00e1squez con la iniciativa de reformas al Decreto 21-04,&#46;&#46;&#46;<\/p>\n","protected":false},"author":1,"featured_media":0,"comment_status":"open","ping_status":"closed","sticky":false,"template":"","format":"standard","meta":{"footnotes":""},"categories":[4],"tags":[5160,5161],"class_list":["post-28319","post","type-post","status-publish","format-standard","hentry","category-actividad-legislativa","tag-decreto-21-04","tag-ley-de-distribucion-de-bebidas-alcoholicas"],"_links":{"self":[{"href":"https:\/\/copades.com\/monec\/index.php?rest_route=\/wp\/v2\/posts\/28319","targetHints":{"allow":["GET"]}}],"collection":[{"href":"https:\/\/copades.com\/monec\/index.php?rest_route=\/wp\/v2\/posts"}],"about":[{"href":"https:\/\/copades.com\/monec\/index.php?rest_route=\/wp\/v2\/types\/post"}],"author":[{"embeddable":true,"href":"https:\/\/copades.com\/monec\/index.php?rest_route=\/wp\/v2\/users\/1"}],"replies":[{"embeddable":true,"href":"https:\/\/copades.com\/monec\/index.php?rest_route=%2Fwp%2Fv2%2Fcomments&post=28319"}],"version-history":[{"count":1,"href":"https:\/\/copades.com\/monec\/index.php?rest_route=\/wp\/v2\/posts\/28319\/revisions"}],"predecessor-version":[{"id":28320,"href":"https:\/\/copades.com\/monec\/index.php?rest_route=\/wp\/v2\/posts\/28319\/revisions\/28320"}],"wp:attachment":[{"href":"https:\/\/copades.com\/monec\/index.php?rest_route=%2Fwp%2Fv2%2Fmedia&parent=28319"}],"wp:term":[{"taxonomy":"category","embeddable":true,"href":"https:\/\/copades.com\/monec\/index.php?rest_route=%2Fwp%2Fv2%2Fcategories&post=28319"},{"taxonomy":"post_tag","embeddable":true,"href":"https:\/\/copades.com\/monec\/index.php?rest_route=%2Fwp%2Fv2%2Ftags&post=28319"}],"curies":[{"name":"wp","href":"https:\/\/api.w.org\/{rel}","templated":true}]}}