{"id":28717,"date":"2016-10-24T12:47:15","date_gmt":"2016-10-24T18:47:15","guid":{"rendered":"http:\/\/copades.com\/monec\/?p=28717"},"modified":"2016-10-24T12:47:15","modified_gmt":"2016-10-24T18:47:15","slug":"el-gobierno-reinicia-el-proceso-para-presentar-una-reforma-fiscal","status":"publish","type":"post","link":"https:\/\/copades.com\/monec\/?p=28717","title":{"rendered":"El Gobierno reinicia el proceso para presentar una reforma fiscal"},"content":{"rendered":"<p style=\"text-align: justify;\">El Gobierno est\u00e1 en proceso de conformar un equipo donde participar\u00e1n organismos internacionales y expertos locales para preparar la nueva propuesta de reforma fiscal que esperan est\u00e9 lista en abril del pr\u00f3ximo a\u00f1o. El ministro de Finanzas, <strong>Julio H\u00e9ctor Estrada<\/strong>, explic\u00f3 que est\u00e1n \u201casegurando\u201d el apoyo de la Comisi\u00f3n Econ\u00f3mica para Am\u00e9rica Latina y el Caribe, Banco Mundial (BM) y Fondo Monetario Internacional para que formen parte del proceso. Uno de los temas que podr\u00eda incluir la reforma son cambios en el Impuesto al Valor Agregado (IVA). Estrada se mostr\u00f3 cauteloso y dijo que esperar\u00e1n la opini\u00f3n y los escenarios que presente el grupo de expertos, pero puso como una opci\u00f3n un incremento del IVA por tramos. (El Peri\u00f3dico 24.10.16)<\/p>\n","protected":false},"excerpt":{"rendered":"<p>El Gobierno est\u00e1 en proceso de conformar un equipo donde participar\u00e1n organismos internacionales y expertos locales para preparar la nueva propuesta de reforma fiscal que esperan est\u00e9 lista en abril del pr\u00f3ximo a\u00f1o. El&#46;&#46;&#46;<\/p>\n","protected":false},"author":1,"featured_media":0,"comment_status":"open","ping_status":"closed","sticky":false,"template":"","format":"standard","meta":{"footnotes":""},"categories":[41,39],"tags":[99,119,2916,3407,768,3605,81,4731],"class_list":["post-28717","post","type-post","status-publish","format-standard","hentry","category-finanzas-publicas","category-sector-publico","tag-banco-mundial","tag-bm","tag-comision-economica-para-america-latina-y-el-caribe","tag-finanzas-publicas","tag-fondo-monetario-internacional","tag-impuesto-al-valor-agregado","tag-iva","tag-sector-publico"],"_links":{"self":[{"href":"https:\/\/copades.com\/monec\/index.php?rest_route=\/wp\/v2\/posts\/28717","targetHints":{"allow":["GET"]}}],"collection":[{"href":"https:\/\/copades.com\/monec\/index.php?rest_route=\/wp\/v2\/posts"}],"about":[{"href":"https:\/\/copades.com\/monec\/index.php?rest_route=\/wp\/v2\/types\/post"}],"author":[{"embeddable":true,"href":"https:\/\/copades.com\/monec\/index.php?rest_route=\/wp\/v2\/users\/1"}],"replies":[{"embeddable":true,"href":"https:\/\/copades.com\/monec\/index.php?rest_route=%2Fwp%2Fv2%2Fcomments&post=28717"}],"version-history":[{"count":1,"href":"https:\/\/copades.com\/monec\/index.php?rest_route=\/wp\/v2\/posts\/28717\/revisions"}],"predecessor-version":[{"id":28718,"href":"https:\/\/copades.com\/monec\/index.php?rest_route=\/wp\/v2\/posts\/28717\/revisions\/28718"}],"wp:attachment":[{"href":"https:\/\/copades.com\/monec\/index.php?rest_route=%2Fwp%2Fv2%2Fmedia&parent=28717"}],"wp:term":[{"taxonomy":"category","embeddable":true,"href":"https:\/\/copades.com\/monec\/index.php?rest_route=%2Fwp%2Fv2%2Fcategories&post=28717"},{"taxonomy":"post_tag","embeddable":true,"href":"https:\/\/copades.com\/monec\/index.php?rest_route=%2Fwp%2Fv2%2Ftags&post=28717"}],"curies":[{"name":"wp","href":"https:\/\/api.w.org\/{rel}","templated":true}]}}