{"id":28848,"date":"2016-11-04T12:49:02","date_gmt":"2016-11-04T18:49:02","guid":{"rendered":"http:\/\/copades.com\/monec\/?p=28848"},"modified":"2016-11-04T12:49:02","modified_gmt":"2016-11-04T18:49:02","slug":"union-sera-en-el-2017","status":"publish","type":"post","link":"https:\/\/copades.com\/monec\/?p=28848","title":{"rendered":"Uni\u00f3n ser\u00e1 en el 2017"},"content":{"rendered":"<p style=\"text-align: justify;\">La uni\u00f3n aduanera entre Honduras y Guatemala, que entr\u00f3 en vigencia en mayo, empezar\u00e1 a funcionar plenamente a mediados del 2017 y no en diciembre de este a\u00f1o, como se hab\u00eda programado en un principio. As\u00ed lo anunci\u00f3 ayer aqu\u00ed el director ejecutivo del Sistema de Integraci\u00f3n Econ\u00f3mica Centroamericana (Sieca), Javier Guti\u00e9rrez, al ser preguntado por los periodistas, argumentando que se est\u00e1n dando los \u00faltimos pasos entre los dos pa\u00edses para que la uni\u00f3n sea un hecho. (Prensa Libre 04.11.16)<\/p>\n","protected":false},"excerpt":{"rendered":"<p>La uni\u00f3n aduanera entre Honduras y Guatemala, que entr\u00f3 en vigencia en mayo, empezar\u00e1 a funcionar plenamente a mediados del 2017 y no en diciembre de este a\u00f1o, como se hab\u00eda programado en un&#46;&#46;&#46;<\/p>\n","protected":false},"author":1,"featured_media":0,"comment_status":"open","ping_status":"closed","sticky":false,"template":"","format":"standard","meta":{"footnotes":""},"categories":[24,36],"tags":[738,85,131,456,5254,3335],"class_list":["post-28848","post","type-post","status-publish","format-standard","hentry","category-comercio-exterior","category-tratados-de-libre-comercio","tag-comercio-exterior-2","tag-guatemala","tag-honduras","tag-sieca","tag-sistema-de-integracion-economica-centroamericana","tag-tratados-de-libre-comercio"],"_links":{"self":[{"href":"https:\/\/copades.com\/monec\/index.php?rest_route=\/wp\/v2\/posts\/28848","targetHints":{"allow":["GET"]}}],"collection":[{"href":"https:\/\/copades.com\/monec\/index.php?rest_route=\/wp\/v2\/posts"}],"about":[{"href":"https:\/\/copades.com\/monec\/index.php?rest_route=\/wp\/v2\/types\/post"}],"author":[{"embeddable":true,"href":"https:\/\/copades.com\/monec\/index.php?rest_route=\/wp\/v2\/users\/1"}],"replies":[{"embeddable":true,"href":"https:\/\/copades.com\/monec\/index.php?rest_route=%2Fwp%2Fv2%2Fcomments&post=28848"}],"version-history":[{"count":1,"href":"https:\/\/copades.com\/monec\/index.php?rest_route=\/wp\/v2\/posts\/28848\/revisions"}],"predecessor-version":[{"id":28849,"href":"https:\/\/copades.com\/monec\/index.php?rest_route=\/wp\/v2\/posts\/28848\/revisions\/28849"}],"wp:attachment":[{"href":"https:\/\/copades.com\/monec\/index.php?rest_route=%2Fwp%2Fv2%2Fmedia&parent=28848"}],"wp:term":[{"taxonomy":"category","embeddable":true,"href":"https:\/\/copades.com\/monec\/index.php?rest_route=%2Fwp%2Fv2%2Fcategories&post=28848"},{"taxonomy":"post_tag","embeddable":true,"href":"https:\/\/copades.com\/monec\/index.php?rest_route=%2Fwp%2Fv2%2Ftags&post=28848"}],"curies":[{"name":"wp","href":"https:\/\/api.w.org\/{rel}","templated":true}]}}