{"id":28865,"date":"2016-11-05T11:59:04","date_gmt":"2016-11-05T17:59:04","guid":{"rendered":"http:\/\/copades.com\/monec\/?p=28865"},"modified":"2016-11-07T12:00:25","modified_gmt":"2016-11-07T18:00:25","slug":"pilotos-de-transporte-pesado-deponen-paro","status":"publish","type":"post","link":"https:\/\/copades.com\/monec\/?p=28865","title":{"rendered":"Pilotos de transporte pesado deponen paro"},"content":{"rendered":"<p style=\"text-align: justify;\">Ejecutivo y pilotos acordaron que la limitaci\u00f3n de horarios no se aplicar\u00e1 el fin de semana. El Concejo Municipal deber\u00e1 ratificar el lunes dicho convenio. El Gobierno lleg\u00f3 anoche a un acuerdo con los pilotos del transporte pesado para que depusieran los bloqueos y las protestas motivadas por los nuevos horarios impuestos por la Municipalidad de Guatemala. El presidente Jimmy Morales en conferencia de prensa acompa\u00f1ado de ministros de su Gabinete, as\u00ed como del titular de la Superintendencia de Administraci\u00f3n Tributaria (SAT), Juan Francisco Sol\u00f3rzano Foppa, garantizaron el funcionamiento de las aduanas las 24 horas, con el fin de normalizar la carga que qued\u00f3 varada durante estos d\u00edas. (El Peri\u00f3dico 05.11.16)<\/p>\n","protected":false},"excerpt":{"rendered":"<p>Ejecutivo y pilotos acordaron que la limitaci\u00f3n de horarios no se aplicar\u00e1 el fin de semana. El Concejo Municipal deber\u00e1 ratificar el lunes dicho convenio. El Gobierno lleg\u00f3 anoche a un acuerdo con los&#46;&#46;&#46;<\/p>\n","protected":false},"author":1,"featured_media":0,"comment_status":"open","ping_status":"closed","sticky":false,"template":"","format":"standard","meta":{"footnotes":""},"categories":[5,22],"tags":[5182,5238,79,2998,5259,5185],"class_list":["post-28865","post","type-post","status-publish","format-standard","hentry","category-actividad-productiva","category-transporte-y-almacenamiento","tag-actividad-productiva","tag-municipalidad-de-guatemala","tag-sat","tag-superintendencia-de-administracion-tributaria","tag-transporte-pesado","tag-transporte-y-almacenamiento"],"_links":{"self":[{"href":"https:\/\/copades.com\/monec\/index.php?rest_route=\/wp\/v2\/posts\/28865","targetHints":{"allow":["GET"]}}],"collection":[{"href":"https:\/\/copades.com\/monec\/index.php?rest_route=\/wp\/v2\/posts"}],"about":[{"href":"https:\/\/copades.com\/monec\/index.php?rest_route=\/wp\/v2\/types\/post"}],"author":[{"embeddable":true,"href":"https:\/\/copades.com\/monec\/index.php?rest_route=\/wp\/v2\/users\/1"}],"replies":[{"embeddable":true,"href":"https:\/\/copades.com\/monec\/index.php?rest_route=%2Fwp%2Fv2%2Fcomments&post=28865"}],"version-history":[{"count":1,"href":"https:\/\/copades.com\/monec\/index.php?rest_route=\/wp\/v2\/posts\/28865\/revisions"}],"predecessor-version":[{"id":28866,"href":"https:\/\/copades.com\/monec\/index.php?rest_route=\/wp\/v2\/posts\/28865\/revisions\/28866"}],"wp:attachment":[{"href":"https:\/\/copades.com\/monec\/index.php?rest_route=%2Fwp%2Fv2%2Fmedia&parent=28865"}],"wp:term":[{"taxonomy":"category","embeddable":true,"href":"https:\/\/copades.com\/monec\/index.php?rest_route=%2Fwp%2Fv2%2Fcategories&post=28865"},{"taxonomy":"post_tag","embeddable":true,"href":"https:\/\/copades.com\/monec\/index.php?rest_route=%2Fwp%2Fv2%2Ftags&post=28865"}],"curies":[{"name":"wp","href":"https:\/\/api.w.org\/{rel}","templated":true}]}}