{"id":2900,"date":"2012-06-29T16:34:29","date_gmt":"2012-06-29T16:34:29","guid":{"rendered":"http:\/\/copades.com\/monec\/?p=2900"},"modified":"2012-06-29T16:34:29","modified_gmt":"2012-06-29T16:34:29","slug":"analistas-ven-positivo-el-convenio-para-guatemala","status":"publish","type":"post","link":"https:\/\/copades.com\/monec\/?p=2900","title":{"rendered":"Analistas ven positivo el convenio para Guatemala"},"content":{"rendered":"<p style=\"text-align: justify;\">Analistas consideran positiva para Guatemala la suscripci\u00f3n del Acuerdo de Asociaci\u00f3n (ADA) entre Centroam\u00e9rica y la Uni\u00f3n Europea. Los expertos opinan que las expectativas para los tres pilares que componen el acuerdo mejorar\u00e1n, a pesar de la crisis econ\u00f3mica por la que atraviesa la Eurozona. <strong>Enrique Lacs<\/strong>, especialista en comercio internacional, explic\u00f3 que los pa\u00edses centroamericanos obtendr\u00e1n beneficios a corto, mediano y largo plazos. \u201cA corto plazo se tienen mejores expectativas para la inversi\u00f3n europea en Guatemala, aunque esto no signifique que se vayan a dar\u201d, afirm\u00f3 el experto. Otra de las ventajas para las compa\u00f1\u00edas ser\u00e1 que las reglas para el comercio ser\u00e1n m\u00e1s claras. El acuerdo indica que toda Centroam\u00e9rica puede exportar 150 mil toneladas al a\u00f1o. En el caso del banano, el convenio establece una cuota anual de un mill\u00f3n 512 mil toneladas a un arancel de \u20ac145 cada una. (Prensa Libre 29.06.12)<\/p>\n","protected":false},"excerpt":{"rendered":"<p>Analistas consideran positiva para Guatemala la suscripci\u00f3n del Acuerdo de Asociaci\u00f3n (ADA) entre Centroam\u00e9rica y la Uni\u00f3n Europea. Los expertos opinan que las expectativas para los tres pilares que componen el acuerdo mejorar\u00e1n, a&#46;&#46;&#46;<\/p>\n","protected":false},"author":1,"featured_media":0,"comment_status":"open","ping_status":"closed","sticky":false,"template":"","format":"standard","meta":{"footnotes":""},"categories":[47],"tags":[586],"class_list":["post-2900","post","type-post","status-publish","format-standard","hentry","category-integracion-centroamericana","tag-ada"],"_links":{"self":[{"href":"https:\/\/copades.com\/monec\/index.php?rest_route=\/wp\/v2\/posts\/2900","targetHints":{"allow":["GET"]}}],"collection":[{"href":"https:\/\/copades.com\/monec\/index.php?rest_route=\/wp\/v2\/posts"}],"about":[{"href":"https:\/\/copades.com\/monec\/index.php?rest_route=\/wp\/v2\/types\/post"}],"author":[{"embeddable":true,"href":"https:\/\/copades.com\/monec\/index.php?rest_route=\/wp\/v2\/users\/1"}],"replies":[{"embeddable":true,"href":"https:\/\/copades.com\/monec\/index.php?rest_route=%2Fwp%2Fv2%2Fcomments&post=2900"}],"version-history":[{"count":1,"href":"https:\/\/copades.com\/monec\/index.php?rest_route=\/wp\/v2\/posts\/2900\/revisions"}],"predecessor-version":[{"id":2901,"href":"https:\/\/copades.com\/monec\/index.php?rest_route=\/wp\/v2\/posts\/2900\/revisions\/2901"}],"wp:attachment":[{"href":"https:\/\/copades.com\/monec\/index.php?rest_route=%2Fwp%2Fv2%2Fmedia&parent=2900"}],"wp:term":[{"taxonomy":"category","embeddable":true,"href":"https:\/\/copades.com\/monec\/index.php?rest_route=%2Fwp%2Fv2%2Fcategories&post=2900"},{"taxonomy":"post_tag","embeddable":true,"href":"https:\/\/copades.com\/monec\/index.php?rest_route=%2Fwp%2Fv2%2Ftags&post=2900"}],"curies":[{"name":"wp","href":"https:\/\/api.w.org\/{rel}","templated":true}]}}