{"id":29001,"date":"2016-11-17T15:22:15","date_gmt":"2016-11-17T21:22:15","guid":{"rendered":"http:\/\/copades.com\/monec\/?p=29001"},"modified":"2016-11-17T15:22:15","modified_gmt":"2016-11-17T21:22:15","slug":"temas-sensibles-se-discutiran-en-el-tlc-con-corea-del-sur","status":"publish","type":"post","link":"https:\/\/copades.com\/monec\/?p=29001","title":{"rendered":"Temas sensibles se discutir\u00e1n en el TLC con Corea del Sur"},"content":{"rendered":"<p style=\"text-align: justify;\">El riesgo del cierre de empresas y p\u00e9rdida de empleos, principalmente en el sector de metalurgia y calzado, por la firma de un Tratado de Libre Comercio (TLC) con Corea del Sur son los argumentos de la C\u00e1mara de Industria de Guatemala (CIG) para pedir un trato preferente en la negociaci\u00f3n. <strong>Javier Zepeda<\/strong>, director ejecutivo de la CIG, indic\u00f3 que esperan se respete y se deje operar en condiciones de competencia a la industria local. Centroam\u00e9rica y Corea del Sur cerraron ayer en Nicaragua el cap\u00edtulo final de las negociaciones del TLC que esperan firmar en junio del 2017, pese a que Guatemala continuar\u00e1 un proceso bilateral para alcanzar un acuerdo mutuo a \u201ccorto plazo\u201d. Se\u00fal espera que con la vigencia del Acuerdo, que se prev\u00e9 en 2018, se eliminen los aranceles a m\u00e1s del 95 por ciento de sus exportaciones, principalmente autos, acero y textiles. (Prensa Libre\/El Peri\u00f3dico 17.11.16)<\/p>\n","protected":false},"excerpt":{"rendered":"<p>El riesgo del cierre de empresas y p\u00e9rdida de empleos, principalmente en el sector de metalurgia y calzado, por la firma de un Tratado de Libre Comercio (TLC) con Corea del Sur son los&#46;&#46;&#46;<\/p>\n","protected":false},"author":1,"featured_media":0,"comment_status":"open","ping_status":"closed","sticky":false,"template":"","format":"standard","meta":{"footnotes":""},"categories":[24,36],"tags":[2895,66,738,697,85,183,63,1289,3335],"class_list":["post-29001","post","type-post","status-publish","format-standard","hentry","category-comercio-exterior","category-tratados-de-libre-comercio","tag-camara-de-industria-de-guatemala","tag-cig","tag-comercio-exterior-2","tag-corea-del-sur","tag-guatemala","tag-nicaragua","tag-tlc","tag-tratado-de-libre-comercio","tag-tratados-de-libre-comercio"],"_links":{"self":[{"href":"https:\/\/copades.com\/monec\/index.php?rest_route=\/wp\/v2\/posts\/29001","targetHints":{"allow":["GET"]}}],"collection":[{"href":"https:\/\/copades.com\/monec\/index.php?rest_route=\/wp\/v2\/posts"}],"about":[{"href":"https:\/\/copades.com\/monec\/index.php?rest_route=\/wp\/v2\/types\/post"}],"author":[{"embeddable":true,"href":"https:\/\/copades.com\/monec\/index.php?rest_route=\/wp\/v2\/users\/1"}],"replies":[{"embeddable":true,"href":"https:\/\/copades.com\/monec\/index.php?rest_route=%2Fwp%2Fv2%2Fcomments&post=29001"}],"version-history":[{"count":1,"href":"https:\/\/copades.com\/monec\/index.php?rest_route=\/wp\/v2\/posts\/29001\/revisions"}],"predecessor-version":[{"id":29002,"href":"https:\/\/copades.com\/monec\/index.php?rest_route=\/wp\/v2\/posts\/29001\/revisions\/29002"}],"wp:attachment":[{"href":"https:\/\/copades.com\/monec\/index.php?rest_route=%2Fwp%2Fv2%2Fmedia&parent=29001"}],"wp:term":[{"taxonomy":"category","embeddable":true,"href":"https:\/\/copades.com\/monec\/index.php?rest_route=%2Fwp%2Fv2%2Fcategories&post=29001"},{"taxonomy":"post_tag","embeddable":true,"href":"https:\/\/copades.com\/monec\/index.php?rest_route=%2Fwp%2Fv2%2Ftags&post=29001"}],"curies":[{"name":"wp","href":"https:\/\/api.w.org\/{rel}","templated":true}]}}