{"id":29005,"date":"2016-11-17T15:24:51","date_gmt":"2016-11-17T21:24:51","guid":{"rendered":"http:\/\/copades.com\/monec\/?p=29005"},"modified":"2016-11-17T15:24:51","modified_gmt":"2016-11-17T21:24:51","slug":"empresas-empiezan-a-instalar-bodegas-en-el-parque-michatoya","status":"publish","type":"post","link":"https:\/\/copades.com\/monec\/?p=29005","title":{"rendered":"Empresas empiezan a instalar bodegas en el Parque Michatoya"},"content":{"rendered":"<p style=\"text-align: justify;\">El Parque Industrial Michatoya inici\u00f3 a recibir hu\u00e9spedes en sus instalaciones desde septiembre pasado, con la construcci\u00f3n de bodegas para las empresas Alcatex y Plastifar, que suman una extensi\u00f3n de 174 mil 700 metros cuadrados. <strong>Jos\u00e9 David Ju\u00e1rez<\/strong>, vicepresidente de la C\u00e1mara Guatemalteca Coreana de Comercio (CamCor), opin\u00f3 que las empresas mostraron gran inter\u00e9s en el proyecto desde un inicio, por lo que no extra\u00f1a que est\u00e9n desarrollando su infraestructura f\u00edsica. Alcatex, del sector textil, y Plastifar, de pl\u00e1sticos, ambas de capital nacional, compraron terrenos individuales, que en conjunto suman 25 manzanas. La adquisici\u00f3n signific\u00f3 m\u00e1s del 20 por ciento de la capacidad del proyecto, que en total suma 500 mil metros cuadrados de extensi\u00f3n. La construcci\u00f3n de las bodegas se espera completar a inicios del 2017. La inversi\u00f3n se mantiene en reserva, al igual que la fecha en que iniciar\u00edan a operar las empresas. (El Peri\u00f3dico 17.11.16)<\/p>\n","protected":false},"excerpt":{"rendered":"<p>El Parque Industrial Michatoya inici\u00f3 a recibir hu\u00e9spedes en sus instalaciones desde septiembre pasado, con la construcci\u00f3n de bodegas para las empresas Alcatex y Plastifar, que suman una extensi\u00f3n de 174 mil 700 metros&#46;&#46;&#46;<\/p>\n","protected":false},"author":1,"featured_media":0,"comment_status":"open","ping_status":"closed","sticky":false,"template":"","format":"standard","meta":{"footnotes":""},"categories":[5,17],"tags":[5182,5289,4592,3566],"class_list":["post-29005","post","type-post","status-publish","format-standard","hentry","category-actividad-productiva","category-industria","tag-actividad-productiva","tag-camara-guatemalteca-coreana-de-comercio","tag-camcor","tag-industria"],"_links":{"self":[{"href":"https:\/\/copades.com\/monec\/index.php?rest_route=\/wp\/v2\/posts\/29005","targetHints":{"allow":["GET"]}}],"collection":[{"href":"https:\/\/copades.com\/monec\/index.php?rest_route=\/wp\/v2\/posts"}],"about":[{"href":"https:\/\/copades.com\/monec\/index.php?rest_route=\/wp\/v2\/types\/post"}],"author":[{"embeddable":true,"href":"https:\/\/copades.com\/monec\/index.php?rest_route=\/wp\/v2\/users\/1"}],"replies":[{"embeddable":true,"href":"https:\/\/copades.com\/monec\/index.php?rest_route=%2Fwp%2Fv2%2Fcomments&post=29005"}],"version-history":[{"count":1,"href":"https:\/\/copades.com\/monec\/index.php?rest_route=\/wp\/v2\/posts\/29005\/revisions"}],"predecessor-version":[{"id":29006,"href":"https:\/\/copades.com\/monec\/index.php?rest_route=\/wp\/v2\/posts\/29005\/revisions\/29006"}],"wp:attachment":[{"href":"https:\/\/copades.com\/monec\/index.php?rest_route=%2Fwp%2Fv2%2Fmedia&parent=29005"}],"wp:term":[{"taxonomy":"category","embeddable":true,"href":"https:\/\/copades.com\/monec\/index.php?rest_route=%2Fwp%2Fv2%2Fcategories&post=29005"},{"taxonomy":"post_tag","embeddable":true,"href":"https:\/\/copades.com\/monec\/index.php?rest_route=%2Fwp%2Fv2%2Ftags&post=29005"}],"curies":[{"name":"wp","href":"https:\/\/api.w.org\/{rel}","templated":true}]}}