{"id":29470,"date":"2017-01-05T11:40:54","date_gmt":"2017-01-05T17:40:54","guid":{"rendered":"http:\/\/copades.com\/monec\/?p=29470"},"modified":"2017-01-06T11:44:43","modified_gmt":"2017-01-06T17:44:43","slug":"ford-espera-mejor-clima-de-negocios","status":"publish","type":"post","link":"https:\/\/copades.com\/monec\/?p=29470","title":{"rendered":"Ford espera mejor clima de negocios"},"content":{"rendered":"<p style=\"text-align: justify;\">La firma estadounidense Ford dijo que no hab\u00eda discutido con <strong>Donald Trump<\/strong> su decisi\u00f3n de cancelar una inversi\u00f3n de US $1 mil 600 millones (Q12 mil 96 millones) en M\u00e9xico, aunque reconoci\u00f3 que la medida se relaciona con la expectativa de un ambiente de negocios m\u00e1s positivo con el pr\u00f3ximo mandatario. \u201cHasta esta ma\u00f1ana (del martes), nosotros no hab\u00edamos hablado de esta decisi\u00f3n con el Presidente electo de Estados Unidos\u201d, indic\u00f3 la compa\u00f1\u00eda automotriz por correo electr\u00f3nico a EFE, al responder a la pregunta de si hab\u00eda establecido contacto con Trump para hablar de la cancelaci\u00f3n. Sostuvo que \u201cesta es una decisi\u00f3n de negocio independiente, basada en lo que es mejor para Ford considerando todos los factores, incluyendo un ambiente de negocio, para la manufactura en EE. UU. m\u00e1s positivo que el que se espera con Trump\u201d. (Diario de Centroam\u00e9rica 05.01.17)<\/p>\n","protected":false},"excerpt":{"rendered":"<p>La firma estadounidense Ford dijo que no hab\u00eda discutido con Donald Trump su decisi\u00f3n de cancelar una inversi\u00f3n de US $1 mil 600 millones (Q12 mil 96 millones) en M\u00e9xico, aunque reconoci\u00f3 que la&#46;&#46;&#46;<\/p>\n","protected":false},"author":1,"featured_media":0,"comment_status":"open","ping_status":"closed","sticky":false,"template":"","format":"standard","meta":{"footnotes":""},"categories":[55],"tags":[5178,87],"class_list":["post-29470","post","type-post","status-publish","format-standard","hentry","category-internacionales-seleccion","tag-internacional","tag-mexico"],"_links":{"self":[{"href":"https:\/\/copades.com\/monec\/index.php?rest_route=\/wp\/v2\/posts\/29470","targetHints":{"allow":["GET"]}}],"collection":[{"href":"https:\/\/copades.com\/monec\/index.php?rest_route=\/wp\/v2\/posts"}],"about":[{"href":"https:\/\/copades.com\/monec\/index.php?rest_route=\/wp\/v2\/types\/post"}],"author":[{"embeddable":true,"href":"https:\/\/copades.com\/monec\/index.php?rest_route=\/wp\/v2\/users\/1"}],"replies":[{"embeddable":true,"href":"https:\/\/copades.com\/monec\/index.php?rest_route=%2Fwp%2Fv2%2Fcomments&post=29470"}],"version-history":[{"count":1,"href":"https:\/\/copades.com\/monec\/index.php?rest_route=\/wp\/v2\/posts\/29470\/revisions"}],"predecessor-version":[{"id":29471,"href":"https:\/\/copades.com\/monec\/index.php?rest_route=\/wp\/v2\/posts\/29470\/revisions\/29471"}],"wp:attachment":[{"href":"https:\/\/copades.com\/monec\/index.php?rest_route=%2Fwp%2Fv2%2Fmedia&parent=29470"}],"wp:term":[{"taxonomy":"category","embeddable":true,"href":"https:\/\/copades.com\/monec\/index.php?rest_route=%2Fwp%2Fv2%2Fcategories&post=29470"},{"taxonomy":"post_tag","embeddable":true,"href":"https:\/\/copades.com\/monec\/index.php?rest_route=%2Fwp%2Fv2%2Ftags&post=29470"}],"curies":[{"name":"wp","href":"https:\/\/api.w.org\/{rel}","templated":true}]}}