{"id":29735,"date":"2017-01-19T11:42:01","date_gmt":"2017-01-19T17:42:01","guid":{"rendered":"http:\/\/copades.com\/monec\/?p=29735"},"modified":"2017-01-19T11:42:01","modified_gmt":"2017-01-19T17:42:01","slug":"taiwan-busca-elevar-importacion-de-cafe","status":"publish","type":"post","link":"https:\/\/copades.com\/monec\/?p=29735","title":{"rendered":"Taiw\u00e1n busca elevar importaci\u00f3n de caf\u00e9"},"content":{"rendered":"<p style=\"text-align: justify;\">Una delegaci\u00f3n integrada por 14 empresas taiwanesas particip\u00f3 ayer en una rueda de negocios con caficultores nacionales, para incrementar las importaciones del grano hacia la isla asi\u00e1tica. <strong>Ingrid Hsing<\/strong>, directora ejecutiva de la Oficina Comercial para Centroam\u00e9rica, dijo que Guatemala es el principal mercado de abastecimiento de caf\u00e9 oro en el Istmo, y que este a\u00f1o esperan aprovechar de mejor manera el Tratado de Libre Comercio suscrito en 2006. \u201cTaiw\u00e1n representa el 1 por ciento de las exportaciones y es uno de los mercados m\u00e1s din\u00e1micos, indic\u00f3 <strong>Ricardo Arenas<\/strong>, presidente de la Asociaci\u00f3n Nacional del Caf\u00e9.\u00a0 (Diario de Centroam\u00e9rica\/El Peri\u00f3dico 19.01.17)<\/p>\n","protected":false},"excerpt":{"rendered":"<p>Una delegaci\u00f3n integrada por 14 empresas taiwanesas particip\u00f3 ayer en una rueda de negocios con caficultores nacionales, para incrementar las importaciones del grano hacia la isla asi\u00e1tica. Ingrid Hsing, directora ejecutiva de la Oficina&#46;&#46;&#46;<\/p>\n","protected":false},"author":1,"featured_media":0,"comment_status":"open","ping_status":"closed","sticky":false,"template":"","format":"standard","meta":{"footnotes":""},"categories":[24,30],"tags":[402,738,5244,85,168,1289],"class_list":["post-29735","post","type-post","status-publish","format-standard","hentry","category-comercio-exterior","category-exportaciones-de-cafe","tag-cafe","tag-comercio-exterior-2","tag-exportaciones-de-cafe","tag-guatemala","tag-taiwan","tag-tratado-de-libre-comercio"],"_links":{"self":[{"href":"https:\/\/copades.com\/monec\/index.php?rest_route=\/wp\/v2\/posts\/29735","targetHints":{"allow":["GET"]}}],"collection":[{"href":"https:\/\/copades.com\/monec\/index.php?rest_route=\/wp\/v2\/posts"}],"about":[{"href":"https:\/\/copades.com\/monec\/index.php?rest_route=\/wp\/v2\/types\/post"}],"author":[{"embeddable":true,"href":"https:\/\/copades.com\/monec\/index.php?rest_route=\/wp\/v2\/users\/1"}],"replies":[{"embeddable":true,"href":"https:\/\/copades.com\/monec\/index.php?rest_route=%2Fwp%2Fv2%2Fcomments&post=29735"}],"version-history":[{"count":1,"href":"https:\/\/copades.com\/monec\/index.php?rest_route=\/wp\/v2\/posts\/29735\/revisions"}],"predecessor-version":[{"id":29736,"href":"https:\/\/copades.com\/monec\/index.php?rest_route=\/wp\/v2\/posts\/29735\/revisions\/29736"}],"wp:attachment":[{"href":"https:\/\/copades.com\/monec\/index.php?rest_route=%2Fwp%2Fv2%2Fmedia&parent=29735"}],"wp:term":[{"taxonomy":"category","embeddable":true,"href":"https:\/\/copades.com\/monec\/index.php?rest_route=%2Fwp%2Fv2%2Fcategories&post=29735"},{"taxonomy":"post_tag","embeddable":true,"href":"https:\/\/copades.com\/monec\/index.php?rest_route=%2Fwp%2Fv2%2Ftags&post=29735"}],"curies":[{"name":"wp","href":"https:\/\/api.w.org\/{rel}","templated":true}]}}