{"id":29789,"date":"2017-01-25T15:37:07","date_gmt":"2017-01-25T21:37:07","guid":{"rendered":"http:\/\/copades.com\/monec\/?p=29789"},"modified":"2017-01-25T15:37:07","modified_gmt":"2017-01-25T21:37:07","slug":"segun-chile-tpp-perdio-vigencia","status":"publish","type":"post","link":"https:\/\/copades.com\/monec\/?p=29789","title":{"rendered":"Seg\u00fan Chile, TPP perdi\u00f3 vigencia"},"content":{"rendered":"<p style=\"text-align: justify;\">El Acuerdo Transpac\u00edfico de Cooperaci\u00f3n Econ\u00f3mica, (TPP, por sus siglas en ingl\u00e9s) tal cual lo conoc\u00edamos, ya no est\u00e1 sobre la mesa, se\u00f1al\u00f3 el canciller chileno, <strong>Heraldo Mu\u00f1oz<\/strong>, al referirse a la decisi\u00f3n de <strong>Donald Trump<\/strong> de formalizar el retiro de Estados Unidos de este convenio. El TPP fue impulsado por Barack Obama para formar la mayor zona de libre comercio del mundo, incluyendo en total 12 pa\u00edses, entre los cuales se encuentran Jap\u00f3n, M\u00e9xico, Per\u00fa y Chile. \u201cPodr\u00eda pensarse en un escenario diferente en simplemente un tratado sin EE. UU., pero ser\u00eda algo distinto. Esas son las cuestiones que tienen que ser conversadas con nuestros socios\u201d, manifest\u00f3 el ministro de Relaciones Exteriores, quien record\u00f3 que Trump ya hab\u00eda anunciado esta decisi\u00f3n al ser electo. A su vez, puntualiz\u00f3 que la salida de EE. UU. impide que el acuerdo sea ratificado por el Congreso chileno, ya que su formulaci\u00f3n inclu\u00eda esta potencia. (Diario de Centroam\u00e9rica 25.01.17)<\/p>\n","protected":false},"excerpt":{"rendered":"<p>El Acuerdo Transpac\u00edfico de Cooperaci\u00f3n Econ\u00f3mica, (TPP, por sus siglas en ingl\u00e9s) tal cual lo conoc\u00edamos, ya no est\u00e1 sobre la mesa, se\u00f1al\u00f3 el canciller chileno, Heraldo Mu\u00f1oz, al referirse a la decisi\u00f3n de&#46;&#46;&#46;<\/p>\n","protected":false},"author":1,"featured_media":0,"comment_status":"open","ping_status":"closed","sticky":false,"template":"","format":"standard","meta":{"footnotes":""},"categories":[55],"tags":[3784,194,705,5178,424,87,86,1188],"class_list":["post-29789","post","type-post","status-publish","format-standard","hentry","category-internacionales-seleccion","tag-acuerdo-transpacifico-de-cooperacion-economica","tag-chile","tag-estados-unidos","tag-internacional","tag-japon","tag-mexico","tag-peru","tag-tpp"],"_links":{"self":[{"href":"https:\/\/copades.com\/monec\/index.php?rest_route=\/wp\/v2\/posts\/29789","targetHints":{"allow":["GET"]}}],"collection":[{"href":"https:\/\/copades.com\/monec\/index.php?rest_route=\/wp\/v2\/posts"}],"about":[{"href":"https:\/\/copades.com\/monec\/index.php?rest_route=\/wp\/v2\/types\/post"}],"author":[{"embeddable":true,"href":"https:\/\/copades.com\/monec\/index.php?rest_route=\/wp\/v2\/users\/1"}],"replies":[{"embeddable":true,"href":"https:\/\/copades.com\/monec\/index.php?rest_route=%2Fwp%2Fv2%2Fcomments&post=29789"}],"version-history":[{"count":1,"href":"https:\/\/copades.com\/monec\/index.php?rest_route=\/wp\/v2\/posts\/29789\/revisions"}],"predecessor-version":[{"id":29790,"href":"https:\/\/copades.com\/monec\/index.php?rest_route=\/wp\/v2\/posts\/29789\/revisions\/29790"}],"wp:attachment":[{"href":"https:\/\/copades.com\/monec\/index.php?rest_route=%2Fwp%2Fv2%2Fmedia&parent=29789"}],"wp:term":[{"taxonomy":"category","embeddable":true,"href":"https:\/\/copades.com\/monec\/index.php?rest_route=%2Fwp%2Fv2%2Fcategories&post=29789"},{"taxonomy":"post_tag","embeddable":true,"href":"https:\/\/copades.com\/monec\/index.php?rest_route=%2Fwp%2Fv2%2Ftags&post=29789"}],"curies":[{"name":"wp","href":"https:\/\/api.w.org\/{rel}","templated":true}]}}