{"id":29795,"date":"2017-01-25T15:47:38","date_gmt":"2017-01-25T21:47:38","guid":{"rendered":"http:\/\/copades.com\/monec\/?p=29795"},"modified":"2017-01-25T15:47:38","modified_gmt":"2017-01-25T21:47:38","slug":"negociacion-del-tlc-finalizara-en-marzo","status":"publish","type":"post","link":"https:\/\/copades.com\/monec\/?p=29795","title":{"rendered":"Negociaci\u00f3n del TLC finalizar\u00e1 en marzo"},"content":{"rendered":"<p style=\"text-align: justify;\">El Ministerio de Econom\u00eda presentar\u00e1 en las pr\u00f3ximas semanas las contrapropuestas de Guatemala para continuar con las negociaciones con Corea del Sur y concluir con el proceso el 31 de marzo, para despu\u00e9s suscribir un Tratado de Libre Comercio (TLC) en el que tambi\u00e9n participar\u00e1n el resto de los pa\u00edses de Centroam\u00e9rica. \u201cSe tiene previsto realizar dos reuniones m\u00e1s con representantes de esa naci\u00f3n antes del cierre de las negociaciones\u201d, coment\u00f3 <strong>Rub\u00e9n Morales<\/strong>, ministro de Econom\u00eda. <strong>Carla Caballeros<\/strong>, directora ejecutiva de la C\u00e1mara del Agro, urgi\u00f3 a las autoridades a concluir con el acuerdo, pues sectores como el caf\u00e9, az\u00facar, banano, camar\u00f3n, pl\u00e1tano y otras frutas y vegetales est\u00e1n listos para exportar a ese mercado. (Diario de Centroam\u00e9rica 25.01.17)<\/p>\n","protected":false},"excerpt":{"rendered":"<p>El Ministerio de Econom\u00eda presentar\u00e1 en las pr\u00f3ximas semanas las contrapropuestas de Guatemala para continuar con las negociaciones con Corea del Sur y concluir con el proceso el 31 de marzo, para despu\u00e9s suscribir&#46;&#46;&#46;<\/p>\n","protected":false},"author":1,"featured_media":0,"comment_status":"open","ping_status":"closed","sticky":false,"template":"","format":"standard","meta":{"footnotes":""},"categories":[24,36],"tags":[738,697,85,2261,63,1289,3335],"class_list":["post-29795","post","type-post","status-publish","format-standard","hentry","category-comercio-exterior","category-tratados-de-libre-comercio","tag-comercio-exterior-2","tag-corea-del-sur","tag-guatemala","tag-ministerio-de-economia","tag-tlc","tag-tratado-de-libre-comercio","tag-tratados-de-libre-comercio"],"_links":{"self":[{"href":"https:\/\/copades.com\/monec\/index.php?rest_route=\/wp\/v2\/posts\/29795","targetHints":{"allow":["GET"]}}],"collection":[{"href":"https:\/\/copades.com\/monec\/index.php?rest_route=\/wp\/v2\/posts"}],"about":[{"href":"https:\/\/copades.com\/monec\/index.php?rest_route=\/wp\/v2\/types\/post"}],"author":[{"embeddable":true,"href":"https:\/\/copades.com\/monec\/index.php?rest_route=\/wp\/v2\/users\/1"}],"replies":[{"embeddable":true,"href":"https:\/\/copades.com\/monec\/index.php?rest_route=%2Fwp%2Fv2%2Fcomments&post=29795"}],"version-history":[{"count":1,"href":"https:\/\/copades.com\/monec\/index.php?rest_route=\/wp\/v2\/posts\/29795\/revisions"}],"predecessor-version":[{"id":29796,"href":"https:\/\/copades.com\/monec\/index.php?rest_route=\/wp\/v2\/posts\/29795\/revisions\/29796"}],"wp:attachment":[{"href":"https:\/\/copades.com\/monec\/index.php?rest_route=%2Fwp%2Fv2%2Fmedia&parent=29795"}],"wp:term":[{"taxonomy":"category","embeddable":true,"href":"https:\/\/copades.com\/monec\/index.php?rest_route=%2Fwp%2Fv2%2Fcategories&post=29795"},{"taxonomy":"post_tag","embeddable":true,"href":"https:\/\/copades.com\/monec\/index.php?rest_route=%2Fwp%2Fv2%2Ftags&post=29795"}],"curies":[{"name":"wp","href":"https:\/\/api.w.org\/{rel}","templated":true}]}}