{"id":29950,"date":"2017-02-03T10:57:38","date_gmt":"2017-02-03T16:57:38","guid":{"rendered":"http:\/\/copades.com\/monec\/?p=29950"},"modified":"2017-02-03T10:57:38","modified_gmt":"2017-02-03T16:57:38","slug":"mexico-fija-la-mirada-en-europa-y-asia","status":"publish","type":"post","link":"https:\/\/copades.com\/monec\/?p=29950","title":{"rendered":"M\u00e9xico fija la mirada en Europa y Asia"},"content":{"rendered":"<p style=\"text-align: justify;\">Frente al shock proteccionista de <strong>Donald Trump<\/strong>, M\u00e9xico acelera sus negociaciones de libre comercio con Europa y vuelve la mirada al continente asi\u00e1tico, pero reducir su dependencia de EE. UU., el mayor mercado mundial, ser\u00e1 un desaf\u00edo. El Gobierno mexicano entr\u00f3 en acci\u00f3n esta semana y asegura estar listo para sacar provecho de sus tratados suscritos alrededor del planeta. Sin embargo, expertos afirman que no ser\u00e1 sencillo lograr la urgente diversificaci\u00f3n. El mi\u00e9rcoles las autoridades anunciaron un acuerdo para acelerar negociaciones con la Uni\u00f3n Europea y modernizar su pacto vigente desde 2000, y que tuvo intercambios por 53 mil millones de euros en 2015, as\u00ed como su intenci\u00f3n de negociar un documento similar con el Reino Unido, apenas logre salir del bloque continental. (Diario de Centroam\u00e9rica\/La Hora 03.02.17)<\/p>\n","protected":false},"excerpt":{"rendered":"<p>Frente al shock proteccionista de Donald Trump, M\u00e9xico acelera sus negociaciones de libre comercio con Europa y vuelve la mirada al continente asi\u00e1tico, pero reducir su dependencia de EE. UU., el mayor mercado mundial,&#46;&#46;&#46;<\/p>\n","protected":false},"author":1,"featured_media":0,"comment_status":"open","ping_status":"closed","sticky":false,"template":"","format":"standard","meta":{"footnotes":""},"categories":[55],"tags":[705,76,5178,87,1498,343],"class_list":["post-29950","post","type-post","status-publish","format-standard","hentry","category-internacionales-seleccion","tag-estados-unidos","tag-europa","tag-internacional","tag-mexico","tag-reino-unido","tag-union-europea"],"_links":{"self":[{"href":"https:\/\/copades.com\/monec\/index.php?rest_route=\/wp\/v2\/posts\/29950","targetHints":{"allow":["GET"]}}],"collection":[{"href":"https:\/\/copades.com\/monec\/index.php?rest_route=\/wp\/v2\/posts"}],"about":[{"href":"https:\/\/copades.com\/monec\/index.php?rest_route=\/wp\/v2\/types\/post"}],"author":[{"embeddable":true,"href":"https:\/\/copades.com\/monec\/index.php?rest_route=\/wp\/v2\/users\/1"}],"replies":[{"embeddable":true,"href":"https:\/\/copades.com\/monec\/index.php?rest_route=%2Fwp%2Fv2%2Fcomments&post=29950"}],"version-history":[{"count":1,"href":"https:\/\/copades.com\/monec\/index.php?rest_route=\/wp\/v2\/posts\/29950\/revisions"}],"predecessor-version":[{"id":29951,"href":"https:\/\/copades.com\/monec\/index.php?rest_route=\/wp\/v2\/posts\/29950\/revisions\/29951"}],"wp:attachment":[{"href":"https:\/\/copades.com\/monec\/index.php?rest_route=%2Fwp%2Fv2%2Fmedia&parent=29950"}],"wp:term":[{"taxonomy":"category","embeddable":true,"href":"https:\/\/copades.com\/monec\/index.php?rest_route=%2Fwp%2Fv2%2Fcategories&post=29950"},{"taxonomy":"post_tag","embeddable":true,"href":"https:\/\/copades.com\/monec\/index.php?rest_route=%2Fwp%2Fv2%2Ftags&post=29950"}],"curies":[{"name":"wp","href":"https:\/\/api.w.org\/{rel}","templated":true}]}}