{"id":30431,"date":"2017-03-11T12:39:01","date_gmt":"2017-03-11T18:39:01","guid":{"rendered":"http:\/\/copades.com\/monec\/?p=30431"},"modified":"2017-03-13T12:42:01","modified_gmt":"2017-03-13T18:42:01","slug":"crecen-exportaciones-de-el-salvador","status":"publish","type":"post","link":"https:\/\/copades.com\/monec\/?p=30431","title":{"rendered":"Crecen exportaciones de El Salvador"},"content":{"rendered":"<p style=\"text-align: justify;\">El presidente salvadore\u00f1o, Salvador S\u00e1nchez Cer\u00e9n, destac\u00f3 el incremento de las exportaciones salvadore\u00f1as. En enero del a\u00f1o en curso, cuando aumentaron en un 3.65 % comparado con el mismo mes de 2016, ya que es signo de \u00abmayor dinamismo\u00bb. \u00abEn enero se elev\u00f3 la parte de las exportaciones, que crecieron en un 3.65%; m\u00e1s de 14 millones de d\u00f3lares fue el incremento de las exportaciones\u00bb, manifest\u00f3 el jefe de Estado.\u00a0 Los datos del Banco Central de Reserva (BCR) indican que el monto de lo exportado por El Salvador al cierre de enero 2017 asciende a US$419.2 millones, un 3.65 % superiores a las de 2016, que llegaron a US$404.4 millones. Las proyecciones oficiales sit\u00faan el Producto Interno Bruto del 2017 en US$27 mil 842.2 millones por lo que, preliminarmente, el d\u00e9ficit comercial de El Salvador en enero equivale al 1.48 % de su PIB. (Prensa Libre 11.03.17)<\/p>\n","protected":false},"excerpt":{"rendered":"<p>El presidente salvadore\u00f1o, Salvador S\u00e1nchez Cer\u00e9n, destac\u00f3 el incremento de las exportaciones salvadore\u00f1as. En enero del a\u00f1o en curso, cuando aumentaron en un 3.65 % comparado con el mismo mes de 2016, ya que&#46;&#46;&#46;<\/p>\n","protected":false},"author":1,"featured_media":0,"comment_status":"open","ping_status":"closed","sticky":false,"template":"","format":"standard","meta":{"footnotes":""},"categories":[54],"tags":[748,257,88,117,142],"class_list":["post-30431","post","type-post","status-publish","format-standard","hentry","category-centroamerica-seleccion","tag-banco-central-de-reserva","tag-bcr","tag-centroamerica","tag-el-salvador","tag-pib"],"_links":{"self":[{"href":"https:\/\/copades.com\/monec\/index.php?rest_route=\/wp\/v2\/posts\/30431","targetHints":{"allow":["GET"]}}],"collection":[{"href":"https:\/\/copades.com\/monec\/index.php?rest_route=\/wp\/v2\/posts"}],"about":[{"href":"https:\/\/copades.com\/monec\/index.php?rest_route=\/wp\/v2\/types\/post"}],"author":[{"embeddable":true,"href":"https:\/\/copades.com\/monec\/index.php?rest_route=\/wp\/v2\/users\/1"}],"replies":[{"embeddable":true,"href":"https:\/\/copades.com\/monec\/index.php?rest_route=%2Fwp%2Fv2%2Fcomments&post=30431"}],"version-history":[{"count":1,"href":"https:\/\/copades.com\/monec\/index.php?rest_route=\/wp\/v2\/posts\/30431\/revisions"}],"predecessor-version":[{"id":30432,"href":"https:\/\/copades.com\/monec\/index.php?rest_route=\/wp\/v2\/posts\/30431\/revisions\/30432"}],"wp:attachment":[{"href":"https:\/\/copades.com\/monec\/index.php?rest_route=%2Fwp%2Fv2%2Fmedia&parent=30431"}],"wp:term":[{"taxonomy":"category","embeddable":true,"href":"https:\/\/copades.com\/monec\/index.php?rest_route=%2Fwp%2Fv2%2Fcategories&post=30431"},{"taxonomy":"post_tag","embeddable":true,"href":"https:\/\/copades.com\/monec\/index.php?rest_route=%2Fwp%2Fv2%2Ftags&post=30431"}],"curies":[{"name":"wp","href":"https:\/\/api.w.org\/{rel}","templated":true}]}}