{"id":30435,"date":"2017-03-13T12:52:33","date_gmt":"2017-03-13T18:52:33","guid":{"rendered":"http:\/\/copades.com\/monec\/?p=30435"},"modified":"2017-03-13T12:52:33","modified_gmt":"2017-03-13T18:52:33","slug":"acceso-a-mercados-detiene-negociacion","status":"publish","type":"post","link":"https:\/\/copades.com\/monec\/?p=30435","title":{"rendered":"Acceso a mercados detiene negociaci\u00f3n"},"content":{"rendered":"<p style=\"text-align: justify;\">Garantizar el mayor acceso de productos sensibles por parte de Guatemala a Corea del Sur y viceversa, es la disputa que mantiene en suspenso la negociaci\u00f3n del Tratado de Libre Comercio (TLC), que ambos pa\u00edses sostienen de manera bilateral desde septiembre. \u201cCorea y Guatemala tienen \u00e1reas de inter\u00e9s que no han podido ser resueltas hasta este momento, pese a que nosotros enviamos una propuesta m\u00e1s flexible a principios de febrero\u201d, manifest\u00f3 <strong>Enrique Lacs<\/strong>, viceministro de Integraci\u00f3n y Comercio Exterior. A ese respecto, Ricardo Arenas, presidente de la Asociaci\u00f3n Nacional del Caf\u00e9, opin\u00f3 que en cualquier acuerdo comercial deben ponerse en la balanza los intereses que m\u00e1s convienen al pa\u00eds porque es imposible que haya un tratado perfecto. (Diario de Centroam\u00e9rica 13.03.17)<\/p>\n","protected":false},"excerpt":{"rendered":"<p>Garantizar el mayor acceso de productos sensibles por parte de Guatemala a Corea del Sur y viceversa, es la disputa que mantiene en suspenso la negociaci\u00f3n del Tratado de Libre Comercio (TLC), que ambos&#46;&#46;&#46;<\/p>\n","protected":false},"author":1,"featured_media":0,"comment_status":"open","ping_status":"closed","sticky":false,"template":"","format":"standard","meta":{"footnotes":""},"categories":[24,36],"tags":[2852,738,697,85,63,1289,3335],"class_list":["post-30435","post","type-post","status-publish","format-standard","hentry","category-comercio-exterior","category-tratados-de-libre-comercio","tag-asociacion-nacional-del-cafe","tag-comercio-exterior-2","tag-corea-del-sur","tag-guatemala","tag-tlc","tag-tratado-de-libre-comercio","tag-tratados-de-libre-comercio"],"_links":{"self":[{"href":"https:\/\/copades.com\/monec\/index.php?rest_route=\/wp\/v2\/posts\/30435","targetHints":{"allow":["GET"]}}],"collection":[{"href":"https:\/\/copades.com\/monec\/index.php?rest_route=\/wp\/v2\/posts"}],"about":[{"href":"https:\/\/copades.com\/monec\/index.php?rest_route=\/wp\/v2\/types\/post"}],"author":[{"embeddable":true,"href":"https:\/\/copades.com\/monec\/index.php?rest_route=\/wp\/v2\/users\/1"}],"replies":[{"embeddable":true,"href":"https:\/\/copades.com\/monec\/index.php?rest_route=%2Fwp%2Fv2%2Fcomments&post=30435"}],"version-history":[{"count":1,"href":"https:\/\/copades.com\/monec\/index.php?rest_route=\/wp\/v2\/posts\/30435\/revisions"}],"predecessor-version":[{"id":30436,"href":"https:\/\/copades.com\/monec\/index.php?rest_route=\/wp\/v2\/posts\/30435\/revisions\/30436"}],"wp:attachment":[{"href":"https:\/\/copades.com\/monec\/index.php?rest_route=%2Fwp%2Fv2%2Fmedia&parent=30435"}],"wp:term":[{"taxonomy":"category","embeddable":true,"href":"https:\/\/copades.com\/monec\/index.php?rest_route=%2Fwp%2Fv2%2Fcategories&post=30435"},{"taxonomy":"post_tag","embeddable":true,"href":"https:\/\/copades.com\/monec\/index.php?rest_route=%2Fwp%2Fv2%2Ftags&post=30435"}],"curies":[{"name":"wp","href":"https:\/\/api.w.org\/{rel}","templated":true}]}}