{"id":30437,"date":"2017-03-13T12:55:07","date_gmt":"2017-03-13T18:55:07","guid":{"rendered":"http:\/\/copades.com\/monec\/?p=30437"},"modified":"2017-03-13T12:55:07","modified_gmt":"2017-03-13T18:55:07","slug":"bid-aprueba-q7-millones-para-financiar-encuesta","status":"publish","type":"post","link":"https:\/\/copades.com\/monec\/?p=30437","title":{"rendered":"BID aprueba Q7 millones para financiar encuesta"},"content":{"rendered":"<p style=\"text-align: justify;\">El Banco Interamericano de Desarrollo (BID) ya aprob\u00f3 los Q7 millones necesarios para financiar la Primera Encuesta Nacional de Percepci\u00f3n de Criminalidad y Victimizaci\u00f3n, que el Ministerio de Gobernaci\u00f3n pretende realizar en no menos de mes y medio, en todo el pa\u00eds. De acuerdo con <strong>Axel Romero<\/strong>, viceministro de Prevenci\u00f3n de la Violencia y el Delito, este aspecto permitir\u00e1 avanzar en la contrataci\u00f3n de la empresa que se har\u00e1 cargo de las entrevistas y el procesamiento de la informaci\u00f3n, lo cual se llevar\u00e1 a cabo bajo la supervisi\u00f3n del Instituto Nacional de Estad\u00edstica. Seg\u00fan se indic\u00f3, ya existen seis compa\u00f1\u00edas extranjeras precalificadas por el BID y se cuenta con el instrumento que servir\u00e1 para obtener la opini\u00f3n de la ciudadan\u00eda acerca del combate a la delincuencia, as\u00ed como para conocer los actos il\u00edcitos que m\u00e1s le afectan y crear una base de datos sobre las denuncias menos planteadas ante las instancias respectivas. (Diario de Centroam\u00e9rica 13.03.17)<\/p>\n","protected":false},"excerpt":{"rendered":"<p>El Banco Interamericano de Desarrollo (BID) ya aprob\u00f3 los Q7 millones necesarios para financiar la Primera Encuesta Nacional de Percepci\u00f3n de Criminalidad y Victimizaci\u00f3n, que el Ministerio de Gobernaci\u00f3n pretende realizar en no menos&#46;&#46;&#46;<\/p>\n","protected":false},"author":1,"featured_media":0,"comment_status":"open","ping_status":"closed","sticky":false,"template":"","format":"standard","meta":{"footnotes":""},"categories":[49],"tags":[2560,130,327,823,1754,5264,5168,159],"class_list":["post-30437","post","type-post","status-publish","format-standard","hentry","category-poblacion-empleos-y-salarios","tag-banco-interamericano-de-desarrollo","tag-bid","tag-empleos","tag-instituto-nacional-de-estadistica","tag-ministerio-de-gobernacion","tag-poblacion","tag-poblacion-empleos-y-salarios","tag-salarios"],"_links":{"self":[{"href":"https:\/\/copades.com\/monec\/index.php?rest_route=\/wp\/v2\/posts\/30437","targetHints":{"allow":["GET"]}}],"collection":[{"href":"https:\/\/copades.com\/monec\/index.php?rest_route=\/wp\/v2\/posts"}],"about":[{"href":"https:\/\/copades.com\/monec\/index.php?rest_route=\/wp\/v2\/types\/post"}],"author":[{"embeddable":true,"href":"https:\/\/copades.com\/monec\/index.php?rest_route=\/wp\/v2\/users\/1"}],"replies":[{"embeddable":true,"href":"https:\/\/copades.com\/monec\/index.php?rest_route=%2Fwp%2Fv2%2Fcomments&post=30437"}],"version-history":[{"count":1,"href":"https:\/\/copades.com\/monec\/index.php?rest_route=\/wp\/v2\/posts\/30437\/revisions"}],"predecessor-version":[{"id":30438,"href":"https:\/\/copades.com\/monec\/index.php?rest_route=\/wp\/v2\/posts\/30437\/revisions\/30438"}],"wp:attachment":[{"href":"https:\/\/copades.com\/monec\/index.php?rest_route=%2Fwp%2Fv2%2Fmedia&parent=30437"}],"wp:term":[{"taxonomy":"category","embeddable":true,"href":"https:\/\/copades.com\/monec\/index.php?rest_route=%2Fwp%2Fv2%2Fcategories&post=30437"},{"taxonomy":"post_tag","embeddable":true,"href":"https:\/\/copades.com\/monec\/index.php?rest_route=%2Fwp%2Fv2%2Ftags&post=30437"}],"curies":[{"name":"wp","href":"https:\/\/api.w.org\/{rel}","templated":true}]}}