{"id":30642,"date":"2017-03-30T11:23:47","date_gmt":"2017-03-30T17:23:47","guid":{"rendered":"http:\/\/copades.com\/monec\/?p=30642"},"modified":"2017-03-30T11:23:47","modified_gmt":"2017-03-30T17:23:47","slug":"corea-retira-textos-del-pais-del-tratado-de-libre-comercio","status":"publish","type":"post","link":"https:\/\/copades.com\/monec\/?p=30642","title":{"rendered":"Corea retira textos del pa\u00eds del Tratado de Libre Comercio"},"content":{"rendered":"<p style=\"text-align: justify;\">El equipo t\u00e9cnico de negociaci\u00f3n de Corea del Sur decidi\u00f3 retirar de los textos del acuerdo comercial negociado, los cap\u00edtulos acordados con Guatemala, ante la negativa del pa\u00eds de firmar el acuerdo comercial en junio pr\u00f3ximo. La decisi\u00f3n fue expuesta ayer por <strong>Lee Woonho<\/strong>, embajador del pa\u00eds asi\u00e1tico en Guatemala, quien con un semblante de preocupaci\u00f3n afirm\u00f3 que no era lo que esperaban; sin embargo, dijo que a\u00fan hay una luz al final del t\u00fanel, pues esperan que Guatemala se adhiera luego de que sea firmado por los otros pa\u00edses del Istmo. En la \u00faltima fase de negociaci\u00f3n la C\u00e1mara de Industria levant\u00f3 la mano y expuso su oposici\u00f3n al acuerdo por considerarlo como una amenaza al sector de metalurgia \u2014aceros\u2014, mientras que otros sectores productivos como el exportador, comercio y agropecuario, pidieron que se firmara, lo que ha provocado diferencia de opiniones entre los gremios. (Prensa Libre 30.03.17)<\/p>\n","protected":false},"excerpt":{"rendered":"<p>El equipo t\u00e9cnico de negociaci\u00f3n de Corea del Sur decidi\u00f3 retirar de los textos del acuerdo comercial negociado, los cap\u00edtulos acordados con Guatemala, ante la negativa del pa\u00eds de firmar el acuerdo comercial en&#46;&#46;&#46;<\/p>\n","protected":false},"author":1,"featured_media":0,"comment_status":"open","ping_status":"closed","sticky":false,"template":"","format":"standard","meta":{"footnotes":""},"categories":[24,36],"tags":[3705,738,697,85,3335],"class_list":["post-30642","post","type-post","status-publish","format-standard","hentry","category-comercio-exterior","category-tratados-de-libre-comercio","tag-camara-de-industria","tag-comercio-exterior-2","tag-corea-del-sur","tag-guatemala","tag-tratados-de-libre-comercio"],"_links":{"self":[{"href":"https:\/\/copades.com\/monec\/index.php?rest_route=\/wp\/v2\/posts\/30642","targetHints":{"allow":["GET"]}}],"collection":[{"href":"https:\/\/copades.com\/monec\/index.php?rest_route=\/wp\/v2\/posts"}],"about":[{"href":"https:\/\/copades.com\/monec\/index.php?rest_route=\/wp\/v2\/types\/post"}],"author":[{"embeddable":true,"href":"https:\/\/copades.com\/monec\/index.php?rest_route=\/wp\/v2\/users\/1"}],"replies":[{"embeddable":true,"href":"https:\/\/copades.com\/monec\/index.php?rest_route=%2Fwp%2Fv2%2Fcomments&post=30642"}],"version-history":[{"count":1,"href":"https:\/\/copades.com\/monec\/index.php?rest_route=\/wp\/v2\/posts\/30642\/revisions"}],"predecessor-version":[{"id":30643,"href":"https:\/\/copades.com\/monec\/index.php?rest_route=\/wp\/v2\/posts\/30642\/revisions\/30643"}],"wp:attachment":[{"href":"https:\/\/copades.com\/monec\/index.php?rest_route=%2Fwp%2Fv2%2Fmedia&parent=30642"}],"wp:term":[{"taxonomy":"category","embeddable":true,"href":"https:\/\/copades.com\/monec\/index.php?rest_route=%2Fwp%2Fv2%2Fcategories&post=30642"},{"taxonomy":"post_tag","embeddable":true,"href":"https:\/\/copades.com\/monec\/index.php?rest_route=%2Fwp%2Fv2%2Ftags&post=30642"}],"curies":[{"name":"wp","href":"https:\/\/api.w.org\/{rel}","templated":true}]}}