{"id":30716,"date":"2017-04-06T11:34:57","date_gmt":"2017-04-06T17:34:57","guid":{"rendered":"http:\/\/copades.com\/monec\/?p=30716"},"modified":"2017-04-06T11:34:57","modified_gmt":"2017-04-06T17:34:57","slug":"foro-economico-mundial-para-america-latina","status":"publish","type":"post","link":"https:\/\/copades.com\/monec\/?p=30716","title":{"rendered":"Foro Econ\u00f3mico Mundial para Am\u00e9rica Latina"},"content":{"rendered":"<p style=\"text-align: justify;\">El Foro Econ\u00f3mico Mundial para Am\u00e9rica Latina analizar\u00e1 durante dos d\u00edas en Buenos Aires las oportunidades y los desaf\u00edos que plantea la regi\u00f3n. El primer debate del WEF (por sus siglas en ingl\u00e9s) regional ser\u00e1 \u201cDescifrar los desaf\u00edos de Am\u00e9rica Latina\u201d para evaluar qu\u00e9 transformaciones pol\u00edticas enfrenta la regi\u00f3n y c\u00f3mo modificar\u00e1n su futuro. La econom\u00eda y las finanzas ser\u00e1n el eje de varias discusiones, entre ellas c\u00f3mo mejorar la inclusi\u00f3n financiera, c\u00f3mo crear el mejor clima para atraer inversiones y cu\u00e1l es el pron\u00f3stico econ\u00f3mico para 2017. (La Hora 06.04.17)<\/p>\n","protected":false},"excerpt":{"rendered":"<p>El Foro Econ\u00f3mico Mundial para Am\u00e9rica Latina analizar\u00e1 durante dos d\u00edas en Buenos Aires las oportunidades y los desaf\u00edos que plantea la regi\u00f3n. El primer debate del WEF (por sus siglas en ingl\u00e9s) regional&#46;&#46;&#46;<\/p>\n","protected":false},"author":1,"featured_media":0,"comment_status":"open","ping_status":"closed","sticky":false,"template":"","format":"standard","meta":{"footnotes":""},"categories":[55],"tags":[812,2417,5178],"class_list":["post-30716","post","type-post","status-publish","format-standard","hentry","category-internacionales-seleccion","tag-america-latina","tag-foro-economico-mundial","tag-internacional"],"_links":{"self":[{"href":"https:\/\/copades.com\/monec\/index.php?rest_route=\/wp\/v2\/posts\/30716","targetHints":{"allow":["GET"]}}],"collection":[{"href":"https:\/\/copades.com\/monec\/index.php?rest_route=\/wp\/v2\/posts"}],"about":[{"href":"https:\/\/copades.com\/monec\/index.php?rest_route=\/wp\/v2\/types\/post"}],"author":[{"embeddable":true,"href":"https:\/\/copades.com\/monec\/index.php?rest_route=\/wp\/v2\/users\/1"}],"replies":[{"embeddable":true,"href":"https:\/\/copades.com\/monec\/index.php?rest_route=%2Fwp%2Fv2%2Fcomments&post=30716"}],"version-history":[{"count":1,"href":"https:\/\/copades.com\/monec\/index.php?rest_route=\/wp\/v2\/posts\/30716\/revisions"}],"predecessor-version":[{"id":30717,"href":"https:\/\/copades.com\/monec\/index.php?rest_route=\/wp\/v2\/posts\/30716\/revisions\/30717"}],"wp:attachment":[{"href":"https:\/\/copades.com\/monec\/index.php?rest_route=%2Fwp%2Fv2%2Fmedia&parent=30716"}],"wp:term":[{"taxonomy":"category","embeddable":true,"href":"https:\/\/copades.com\/monec\/index.php?rest_route=%2Fwp%2Fv2%2Fcategories&post=30716"},{"taxonomy":"post_tag","embeddable":true,"href":"https:\/\/copades.com\/monec\/index.php?rest_route=%2Fwp%2Fv2%2Ftags&post=30716"}],"curies":[{"name":"wp","href":"https:\/\/api.w.org\/{rel}","templated":true}]}}