{"id":30750,"date":"2017-04-17T12:24:03","date_gmt":"2017-04-17T18:24:03","guid":{"rendered":"http:\/\/copades.com\/monec\/?p=30750"},"modified":"2017-04-17T12:24:03","modified_gmt":"2017-04-17T18:24:03","slug":"cambia-patron-de-migracion-de-trabajadores-hacia-mexico","status":"publish","type":"post","link":"https:\/\/copades.com\/monec\/?p=30750","title":{"rendered":"Cambia patr\u00f3n de migraci\u00f3n de trabajadores hacia M\u00e9xico"},"content":{"rendered":"<p style=\"text-align: justify;\">Los guatemaltecos que cada a\u00f1o se emplean en los estados del sur de M\u00e9xico disminuyeron 4% en 2016 con respecto al 2015, debido a un cambio en el comportamiento de las comunidades que tradicionalmente migraban a trabajar a ese pa\u00eds. Los trabajadores guatemaltecos que cruzaron la frontera el a\u00f1o anterior alcanzaron 695 mil 800, seg\u00fan los resultados de la Encuesta sobre Migraci\u00f3n en la Frontera Sur de M\u00e9xico (Emif Sur) que fue publicada recientemente. Los datos evidencian una diferencia de 30 mil guatemaltecos, respecto del 2015, cuando fue de 725 mil. Adem\u00e1s, la cifra de contrataciones baj\u00f3 10% en relaci\u00f3n con el 2014, cuando se reportaron 772 mil desplazamientos y 1% respecto del 2013, cuando se registraron 705 mil. Ubaldo Villatoro, asesor del Consejo Nacional de Atenci\u00f3n al Migrante de Guatemala (Conamigua), afirm\u00f3 que la seguridad y la menor oferta de empleo por parte de los patronos mexicanos pudo haber influido en que se redujeran las contrataciones. (Prensa Libre 17.04.17)<\/p>\n","protected":false},"excerpt":{"rendered":"<p>Los guatemaltecos que cada a\u00f1o se emplean en los estados del sur de M\u00e9xico disminuyeron 4% en 2016 con respecto al 2015, debido a un cambio en el comportamiento de las comunidades que tradicionalmente&#46;&#46;&#46;<\/p>\n","protected":false},"author":1,"featured_media":0,"comment_status":"open","ping_status":"closed","sticky":false,"template":"","format":"standard","meta":{"footnotes":""},"categories":[5,840],"tags":[5182,1719,5578,1088,5577,87,1102],"class_list":["post-30750","post","type-post","status-publish","format-standard","hentry","category-actividad-productiva","category-migracion","tag-actividad-productiva","tag-conamigua","tag-consejo-nacional-de-atencion-al-migrante-de-guatemala","tag-emif-sur","tag-encuesta-sobre-migracion-en-la-frontera-sur-de-mexico","tag-mexico","tag-migracion-2"],"_links":{"self":[{"href":"https:\/\/copades.com\/monec\/index.php?rest_route=\/wp\/v2\/posts\/30750","targetHints":{"allow":["GET"]}}],"collection":[{"href":"https:\/\/copades.com\/monec\/index.php?rest_route=\/wp\/v2\/posts"}],"about":[{"href":"https:\/\/copades.com\/monec\/index.php?rest_route=\/wp\/v2\/types\/post"}],"author":[{"embeddable":true,"href":"https:\/\/copades.com\/monec\/index.php?rest_route=\/wp\/v2\/users\/1"}],"replies":[{"embeddable":true,"href":"https:\/\/copades.com\/monec\/index.php?rest_route=%2Fwp%2Fv2%2Fcomments&post=30750"}],"version-history":[{"count":1,"href":"https:\/\/copades.com\/monec\/index.php?rest_route=\/wp\/v2\/posts\/30750\/revisions"}],"predecessor-version":[{"id":30751,"href":"https:\/\/copades.com\/monec\/index.php?rest_route=\/wp\/v2\/posts\/30750\/revisions\/30751"}],"wp:attachment":[{"href":"https:\/\/copades.com\/monec\/index.php?rest_route=%2Fwp%2Fv2%2Fmedia&parent=30750"}],"wp:term":[{"taxonomy":"category","embeddable":true,"href":"https:\/\/copades.com\/monec\/index.php?rest_route=%2Fwp%2Fv2%2Fcategories&post=30750"},{"taxonomy":"post_tag","embeddable":true,"href":"https:\/\/copades.com\/monec\/index.php?rest_route=%2Fwp%2Fv2%2Ftags&post=30750"}],"curies":[{"name":"wp","href":"https:\/\/api.w.org\/{rel}","templated":true}]}}