{"id":30817,"date":"2017-04-24T14:38:27","date_gmt":"2017-04-24T20:38:27","guid":{"rendered":"http:\/\/copades.com\/monec\/?p=30817"},"modified":"2017-04-24T14:38:27","modified_gmt":"2017-04-24T20:38:27","slug":"el-impago-les-pasa-factura-a-empresas-estatales-salvadorenas","status":"publish","type":"post","link":"https:\/\/copades.com\/monec\/?p=30817","title":{"rendered":"El impago les pasa factura a empresas estatales salvadore\u00f1as"},"content":{"rendered":"<p style=\"text-align: justify;\">Las \u00faltimas rebajas en las calificaciones de riesgo soberano de El Salvador ya salpicaron a otros emisores locales de deuda. La agencia calificadora de riesgo Fitch Ratings coloc\u00f3 en \u201cObservaci\u00f3n Negativa\u201d las deudas adquiridas por el Fondo de Conservaci\u00f3n Vial (Fovial), la Administraci\u00f3n Nacional de Acueductos y Alcantarillados (ANDA) y la Geot\u00e9rmica Salvadore\u00f1a-(LaGeo), a trav\u00e9s de titularizaciones. Fitch coloc\u00f3 en observaci\u00f3n negativa \u201cla clasificaci\u00f3n nacional de largo plazo de los tramos que conforman la emisi\u00f3n de los t\u00edtulos de deuda\u201d de $146.4 millones de ANDA, el programa de emisi\u00f3n bonos por $125 millones estructurados por el Fovial y los $287.62 millones que prest\u00f3 LaGeo. Fitch justific\u00f3 que se ponen en negativo porque \u201creflejan incertidumbre sobre el efecto final que pueda tener el impago por parte del soberano (gobierno) de los intereses de una deuda con los fondos de pensiones privados\u201d. (El Peri\u00f3dico 24.04.17)<\/p>\n<p>&nbsp;<\/p>\n","protected":false},"excerpt":{"rendered":"<p>Las \u00faltimas rebajas en las calificaciones de riesgo soberano de El Salvador ya salpicaron a otros emisores locales de deuda. La agencia calificadora de riesgo Fitch Ratings coloc\u00f3 en \u201cObservaci\u00f3n Negativa\u201d las deudas adquiridas&#46;&#46;&#46;<\/p>\n","protected":false},"author":1,"featured_media":0,"comment_status":"open","ping_status":"closed","sticky":false,"template":"","format":"standard","meta":{"footnotes":""},"categories":[54],"tags":[5598,5599,88,117,287,550,5596,5597,5600,5601],"class_list":["post-30817","post","type-post","status-publish","format-standard","hentry","category-centroamerica-seleccion","tag-administracion-nacional-de-acueductos-y-alcantarillados","tag-anda","tag-centroamerica","tag-el-salvador","tag-fitch","tag-fitch-ratings","tag-fondo-de-conservacion-vial","tag-fovial","tag-la-geotermica-salvadorena","tag-lageo"],"_links":{"self":[{"href":"https:\/\/copades.com\/monec\/index.php?rest_route=\/wp\/v2\/posts\/30817","targetHints":{"allow":["GET"]}}],"collection":[{"href":"https:\/\/copades.com\/monec\/index.php?rest_route=\/wp\/v2\/posts"}],"about":[{"href":"https:\/\/copades.com\/monec\/index.php?rest_route=\/wp\/v2\/types\/post"}],"author":[{"embeddable":true,"href":"https:\/\/copades.com\/monec\/index.php?rest_route=\/wp\/v2\/users\/1"}],"replies":[{"embeddable":true,"href":"https:\/\/copades.com\/monec\/index.php?rest_route=%2Fwp%2Fv2%2Fcomments&post=30817"}],"version-history":[{"count":1,"href":"https:\/\/copades.com\/monec\/index.php?rest_route=\/wp\/v2\/posts\/30817\/revisions"}],"predecessor-version":[{"id":30818,"href":"https:\/\/copades.com\/monec\/index.php?rest_route=\/wp\/v2\/posts\/30817\/revisions\/30818"}],"wp:attachment":[{"href":"https:\/\/copades.com\/monec\/index.php?rest_route=%2Fwp%2Fv2%2Fmedia&parent=30817"}],"wp:term":[{"taxonomy":"category","embeddable":true,"href":"https:\/\/copades.com\/monec\/index.php?rest_route=%2Fwp%2Fv2%2Fcategories&post=30817"},{"taxonomy":"post_tag","embeddable":true,"href":"https:\/\/copades.com\/monec\/index.php?rest_route=%2Fwp%2Fv2%2Ftags&post=30817"}],"curies":[{"name":"wp","href":"https:\/\/api.w.org\/{rel}","templated":true}]}}