{"id":31109,"date":"2017-05-20T15:16:47","date_gmt":"2017-05-20T21:16:47","guid":{"rendered":"http:\/\/copades.com\/monec\/?p=31109"},"modified":"2017-05-23T15:18:05","modified_gmt":"2017-05-23T21:18:05","slug":"buscan-impulsar-comercio-bilateral","status":"publish","type":"post","link":"https:\/\/copades.com\/monec\/?p=31109","title":{"rendered":"Buscan impulsar comercio bilateral"},"content":{"rendered":"<p style=\"text-align: justify;\">Guatemala y la Rep\u00fablica Federal de Alemania celebrar\u00e1n el 170 aniversario de su primer tratado oficial de comercio, amistad y navegaci\u00f3n con un encuentro empresarial que buscan estrechar v\u00ednculos y reforzar las relaciones e inversiones bilaterales. En junio, arribar\u00e1 al pa\u00eds una delegaci\u00f3n de empresarios alemanes y funcionarios del sector econ\u00f3mico para conocer potenciales socios en los sectores de energ\u00eda renovable, infraestructura, tecnolog\u00eda del medio ambiente y agroindustria. El embajador de Alemania en Guatemala, Harold Klein, explic\u00f3 que el encuentro busca celebrar 170 a\u00f1os de intercambio bilateral, y al mismo tiempo, revitalizar las relaciones comerciales, industriales y empresariales de ambas econom\u00edas. El comercio bilateral de los dos pa\u00edses supera los US$500 millones y ha crecido a dos cifras en los \u00faltimos a\u00f1os, apalancado principalmente por el comercio. (El Peri\u00f3dico 20.04.17)<\/p>\n","protected":false},"excerpt":{"rendered":"<p>Guatemala y la Rep\u00fablica Federal de Alemania celebrar\u00e1n el 170 aniversario de su primer tratado oficial de comercio, amistad y navegaci\u00f3n con un encuentro empresarial que buscan estrechar v\u00ednculos y reforzar las relaciones e&#46;&#46;&#46;<\/p>\n","protected":false},"author":1,"featured_media":0,"comment_status":"open","ping_status":"closed","sticky":false,"template":"","format":"standard","meta":{"footnotes":""},"categories":[25,24],"tags":[804,738,85,5681],"class_list":["post-31109","post","type-post","status-publish","format-standard","hentry","category-comercio-exterior-3","category-comercio-exterior","tag-alemania","tag-comercio-exterior-2","tag-guatemala","tag-republica-federal-de-alemania"],"_links":{"self":[{"href":"https:\/\/copades.com\/monec\/index.php?rest_route=\/wp\/v2\/posts\/31109","targetHints":{"allow":["GET"]}}],"collection":[{"href":"https:\/\/copades.com\/monec\/index.php?rest_route=\/wp\/v2\/posts"}],"about":[{"href":"https:\/\/copades.com\/monec\/index.php?rest_route=\/wp\/v2\/types\/post"}],"author":[{"embeddable":true,"href":"https:\/\/copades.com\/monec\/index.php?rest_route=\/wp\/v2\/users\/1"}],"replies":[{"embeddable":true,"href":"https:\/\/copades.com\/monec\/index.php?rest_route=%2Fwp%2Fv2%2Fcomments&post=31109"}],"version-history":[{"count":1,"href":"https:\/\/copades.com\/monec\/index.php?rest_route=\/wp\/v2\/posts\/31109\/revisions"}],"predecessor-version":[{"id":31110,"href":"https:\/\/copades.com\/monec\/index.php?rest_route=\/wp\/v2\/posts\/31109\/revisions\/31110"}],"wp:attachment":[{"href":"https:\/\/copades.com\/monec\/index.php?rest_route=%2Fwp%2Fv2%2Fmedia&parent=31109"}],"wp:term":[{"taxonomy":"category","embeddable":true,"href":"https:\/\/copades.com\/monec\/index.php?rest_route=%2Fwp%2Fv2%2Fcategories&post=31109"},{"taxonomy":"post_tag","embeddable":true,"href":"https:\/\/copades.com\/monec\/index.php?rest_route=%2Fwp%2Fv2%2Ftags&post=31109"}],"curies":[{"name":"wp","href":"https:\/\/api.w.org\/{rel}","templated":true}]}}