{"id":31297,"date":"2017-06-08T11:53:27","date_gmt":"2017-06-08T17:53:27","guid":{"rendered":"http:\/\/copades.com\/monec\/?p=31297"},"modified":"2017-06-09T11:59:02","modified_gmt":"2017-06-09T17:59:02","slug":"el-quetzal-ha-perdido-q0-22-de-poder-de-compra-desde-2010","status":"publish","type":"post","link":"https:\/\/copades.com\/monec\/?p=31297","title":{"rendered":"El quetzal ha perdido Q0.22 de poder de compra desde 2010"},"content":{"rendered":"<p style=\"text-align: justify;\">En los \u00faltimos 12 meses el quetzal perdi\u00f3 tres centavos pasando de un poder adquisitivo de Q0.81 a Q0.78 en mayo pasado, seg\u00fan los datos que public\u00f3 ayer el Instituto Nacional de Estad\u00edstica (INE). Los datos con los que el INE elabora el \u00cdndice de Precios al Consumidor (IPC) o a\u00f1o base es diciembre de 2010, periodo desde el cual el quetzal ha perdido Q0.22 de poder de compra. La p\u00e9rdida de capacidad de compra de la moneda se atribuye al comportamiento de los precios a nivel general. En mayo el ritmo inflacionario fue de 3.93 por ciento, y se sit\u00faa en el rango previsto por la Junta Monetaria (JM) para este a\u00f1o de tres y cinco por ciento. Maynor Cabrera, economista senior de la Fundaci\u00f3n Econom\u00eda para el Desarrollo (Fedes), coment\u00f3 que sin mejoras en los salarios se deteriora la capacidad de consumo, que es uno de los ejes para que la econom\u00eda crezca. (El Peri\u00f3dico 08.06.17)<\/p>\n","protected":false},"excerpt":{"rendered":"<p>En los \u00faltimos 12 meses el quetzal perdi\u00f3 tres centavos pasando de un poder adquisitivo de Q0.81 a Q0.78 en mayo pasado, seg\u00fan los datos que public\u00f3 ayer el Instituto Nacional de Estad\u00edstica (INE).&#46;&#46;&#46;<\/p>\n","protected":false},"author":1,"featured_media":0,"comment_status":"open","ping_status":"closed","sticky":false,"template":"","format":"standard","meta":{"footnotes":""},"categories":[53],"tags":[4257,4256,2750,103,236,823,104,101,1082,5442,2806],"class_list":["post-31297","post","type-post","status-publish","format-standard","hentry","category-tipo-de-cambio-y-mercado-de-divisas","tag-fedes","tag-fundacion-economia-para-el-desarrollo","tag-indice-de-precios-al-consumidor","tag-ine","tag-inflacion-2","tag-instituto-nacional-de-estadistica","tag-ipc","tag-jm","tag-junta-monetaria","tag-mercado-de-divisas","tag-tipo-de-cambio"],"_links":{"self":[{"href":"https:\/\/copades.com\/monec\/index.php?rest_route=\/wp\/v2\/posts\/31297","targetHints":{"allow":["GET"]}}],"collection":[{"href":"https:\/\/copades.com\/monec\/index.php?rest_route=\/wp\/v2\/posts"}],"about":[{"href":"https:\/\/copades.com\/monec\/index.php?rest_route=\/wp\/v2\/types\/post"}],"author":[{"embeddable":true,"href":"https:\/\/copades.com\/monec\/index.php?rest_route=\/wp\/v2\/users\/1"}],"replies":[{"embeddable":true,"href":"https:\/\/copades.com\/monec\/index.php?rest_route=%2Fwp%2Fv2%2Fcomments&post=31297"}],"version-history":[{"count":1,"href":"https:\/\/copades.com\/monec\/index.php?rest_route=\/wp\/v2\/posts\/31297\/revisions"}],"predecessor-version":[{"id":31298,"href":"https:\/\/copades.com\/monec\/index.php?rest_route=\/wp\/v2\/posts\/31297\/revisions\/31298"}],"wp:attachment":[{"href":"https:\/\/copades.com\/monec\/index.php?rest_route=%2Fwp%2Fv2%2Fmedia&parent=31297"}],"wp:term":[{"taxonomy":"category","embeddable":true,"href":"https:\/\/copades.com\/monec\/index.php?rest_route=%2Fwp%2Fv2%2Fcategories&post=31297"},{"taxonomy":"post_tag","embeddable":true,"href":"https:\/\/copades.com\/monec\/index.php?rest_route=%2Fwp%2Fv2%2Ftags&post=31297"}],"curies":[{"name":"wp","href":"https:\/\/api.w.org\/{rel}","templated":true}]}}