{"id":31355,"date":"2017-06-14T14:40:35","date_gmt":"2017-06-14T20:40:35","guid":{"rendered":"http:\/\/copades.com\/monec\/?p=31355"},"modified":"2017-06-14T14:40:35","modified_gmt":"2017-06-14T20:40:35","slug":"mem-aboga-por-aprobacion-de-prestamo","status":"publish","type":"post","link":"https:\/\/copades.com\/monec\/?p=31355","title":{"rendered":"MEM aboga por aprobaci\u00f3n de pr\u00e9stamo"},"content":{"rendered":"<p style=\"text-align: justify;\">Dos a\u00f1os han pasado desde que fue presentada en el Congreso la iniciativa de ley 4952, que autoriza la suscripci\u00f3n de un pr\u00e9stamo por US $55 millones (Q403.7 millones) para financiar el Programa de Electrificaci\u00f3n Rural Fase II, y en aras de que el proyecto se realice Luis Chang, titular del Ministerio de Energ\u00eda y Minas (MEM), abog\u00f3 por su aprobaci\u00f3n.\u00a0\u201cHemos dialogado con legisladores para crear conciencia de la importancia de este cr\u00e9dito, pues 30 mil nuevos usuarios se ver\u00edan beneficiados con acceso a electricidad en 15 departamentos\u201d, expres\u00f3 el funcionario. Carmen Ur\u00edzar, expresidenta de la Comisi\u00f3n Nacional de Energ\u00eda El\u00e9ctrica, indic\u00f3 que en el pa\u00eds hay un 9 por ciento de la poblaci\u00f3n que carece del servicio y que es necesario incorporar m\u00e1s inversi\u00f3n para tener sistemas aislados que permitan ampliar la cobertura, tener precios competitivos y energ\u00eda de buena calidad. (Diario de Centroam\u00e9rica 14.06.17)<\/p>\n","protected":false},"excerpt":{"rendered":"<p>Dos a\u00f1os han pasado desde que fue presentada en el Congreso la iniciativa de ley 4952, que autoriza la suscripci\u00f3n de un pr\u00e9stamo por US $55 millones (Q403.7 millones) para financiar el Programa de&#46;&#46;&#46;<\/p>\n","protected":false},"author":1,"featured_media":0,"comment_status":"open","ping_status":"closed","sticky":false,"template":"","format":"standard","meta":{"footnotes":""},"categories":[41,39],"tags":[151,2441,3407,67,5723,105,1635,566,5283,4731],"class_list":["post-31355","post","type-post","status-publish","format-standard","hentry","category-finanzas-publicas","category-sector-publico","tag-cnee","tag-comision-nacional-de-energia-electrica","tag-finanzas-publicas","tag-ley","tag-ley-4952","tag-mem","tag-ministerio-de-energia-y-minas","tag-per","tag-programa-de-electrificacion-rural","tag-sector-publico"],"_links":{"self":[{"href":"https:\/\/copades.com\/monec\/index.php?rest_route=\/wp\/v2\/posts\/31355","targetHints":{"allow":["GET"]}}],"collection":[{"href":"https:\/\/copades.com\/monec\/index.php?rest_route=\/wp\/v2\/posts"}],"about":[{"href":"https:\/\/copades.com\/monec\/index.php?rest_route=\/wp\/v2\/types\/post"}],"author":[{"embeddable":true,"href":"https:\/\/copades.com\/monec\/index.php?rest_route=\/wp\/v2\/users\/1"}],"replies":[{"embeddable":true,"href":"https:\/\/copades.com\/monec\/index.php?rest_route=%2Fwp%2Fv2%2Fcomments&post=31355"}],"version-history":[{"count":1,"href":"https:\/\/copades.com\/monec\/index.php?rest_route=\/wp\/v2\/posts\/31355\/revisions"}],"predecessor-version":[{"id":31356,"href":"https:\/\/copades.com\/monec\/index.php?rest_route=\/wp\/v2\/posts\/31355\/revisions\/31356"}],"wp:attachment":[{"href":"https:\/\/copades.com\/monec\/index.php?rest_route=%2Fwp%2Fv2%2Fmedia&parent=31355"}],"wp:term":[{"taxonomy":"category","embeddable":true,"href":"https:\/\/copades.com\/monec\/index.php?rest_route=%2Fwp%2Fv2%2Fcategories&post=31355"},{"taxonomy":"post_tag","embeddable":true,"href":"https:\/\/copades.com\/monec\/index.php?rest_route=%2Fwp%2Fv2%2Ftags&post=31355"}],"curies":[{"name":"wp","href":"https:\/\/api.w.org\/{rel}","templated":true}]}}