{"id":31979,"date":"2017-08-22T10:28:11","date_gmt":"2017-08-22T16:28:11","guid":{"rendered":"http:\/\/copades.com\/monec\/?p=31979"},"modified":"2017-08-22T10:28:11","modified_gmt":"2017-08-22T16:28:11","slug":"terreno-del-parque-de-la-industria-pasa-a-manos-del-mineco","status":"publish","type":"post","link":"https:\/\/copades.com\/monec\/?p=31979","title":{"rendered":"Terreno del Parque de la Industria pasa a manos del Mineco"},"content":{"rendered":"<p>El Gobierno adscribi\u00f3 al Ministerio de Econom\u00eda (Mineco) el terreno que ocupa el Parque de la Industria, y en el cual se pretende construir un Centro de Convenciones. Adem\u00e1s, se nombr\u00f3 al ministro de Econom\u00eda, V\u00edctor Asturias, representante del Organismo Ejecutivo ante la Junta Directiva del Comit\u00e9 Permanente de Exposiciones (Coperex), ente que administra ese parque. La decisi\u00f3n es un paso m\u00e1s del proceso que impulsan las autoridades para construir un gran centro de convenciones en el pa\u00eds. (PL 22.08.17)<\/p>\n","protected":false},"excerpt":{"rendered":"<p>El Gobierno adscribi\u00f3 al Ministerio de Econom\u00eda (Mineco) el terreno que ocupa el Parque de la Industria, y en el cual se pretende construir un Centro de Convenciones. Adem\u00e1s, se nombr\u00f3 al ministro de&#46;&#46;&#46;<\/p>\n","protected":false},"author":1,"featured_media":0,"comment_status":"open","ping_status":"closed","sticky":false,"template":"","format":"standard","meta":{"footnotes":""},"categories":[11],"tags":[5204,4005,78],"class_list":["post-31979","post","type-post","status-publish","format-standard","hentry","category-construccion-e-infraestructura","tag-construccion-e-infraestructura","tag-coperex","tag-mineco"],"_links":{"self":[{"href":"https:\/\/copades.com\/monec\/index.php?rest_route=\/wp\/v2\/posts\/31979","targetHints":{"allow":["GET"]}}],"collection":[{"href":"https:\/\/copades.com\/monec\/index.php?rest_route=\/wp\/v2\/posts"}],"about":[{"href":"https:\/\/copades.com\/monec\/index.php?rest_route=\/wp\/v2\/types\/post"}],"author":[{"embeddable":true,"href":"https:\/\/copades.com\/monec\/index.php?rest_route=\/wp\/v2\/users\/1"}],"replies":[{"embeddable":true,"href":"https:\/\/copades.com\/monec\/index.php?rest_route=%2Fwp%2Fv2%2Fcomments&post=31979"}],"version-history":[{"count":1,"href":"https:\/\/copades.com\/monec\/index.php?rest_route=\/wp\/v2\/posts\/31979\/revisions"}],"predecessor-version":[{"id":31980,"href":"https:\/\/copades.com\/monec\/index.php?rest_route=\/wp\/v2\/posts\/31979\/revisions\/31980"}],"wp:attachment":[{"href":"https:\/\/copades.com\/monec\/index.php?rest_route=%2Fwp%2Fv2%2Fmedia&parent=31979"}],"wp:term":[{"taxonomy":"category","embeddable":true,"href":"https:\/\/copades.com\/monec\/index.php?rest_route=%2Fwp%2Fv2%2Fcategories&post=31979"},{"taxonomy":"post_tag","embeddable":true,"href":"https:\/\/copades.com\/monec\/index.php?rest_route=%2Fwp%2Fv2%2Ftags&post=31979"}],"curies":[{"name":"wp","href":"https:\/\/api.w.org\/{rel}","templated":true}]}}