{"id":32155,"date":"2017-09-07T15:20:36","date_gmt":"2017-09-07T21:20:36","guid":{"rendered":"http:\/\/copades.com\/monec\/?p=32155"},"modified":"2017-09-07T15:20:36","modified_gmt":"2017-09-07T21:20:36","slug":"aumenta-levemente-en-julio-el-deficit-comercial-de-ee-uu","status":"publish","type":"post","link":"https:\/\/copades.com\/monec\/?p=32155","title":{"rendered":"Aumenta levemente en julio el d\u00e9ficit comercial de EE. UU."},"content":{"rendered":"<p>El d\u00e9ficit comercial de Estados Unidos aument\u00f3 levemente en julio, cuando las exportaciones disminuyeron un poco m\u00e1s que las importaciones, inform\u00f3 hoy el Departamento de Comercio. La dependencia detall\u00f3 que la brecha comercial alcanz\u00f3 43 mil 700 millones de d\u00f3lares en julio, comparado con 43 mil 500 en junio. Las exportaciones bajaron 600 millones, hasta 194 mil 400 millones, mientras que las importaciones bajaron 400 millones, a 238 mil 100 millones de d\u00f3lares. El d\u00e9ficit se hab\u00eda reducido en la primavera, cuando las exportaciones de productos de computadoras y agrarios subieron. Los exportadores estadounidenses se beneficiaron de una baja en el valor del d\u00f3lar, lo que abarata sus productos en el exterior. El s\u00f3lido crecimiento global tambi\u00e9n contribuy\u00f3, con econom\u00edas en Europa, Asia y Latinoam\u00e9rica expandi\u00e9ndose. Las exportaciones de junio fueron las m\u00e1s altas en dos a\u00f1os y medio. (LH 07.09.17)<\/p>\n","protected":false},"excerpt":{"rendered":"<p>El d\u00e9ficit comercial de Estados Unidos aument\u00f3 levemente en julio, cuando las exportaciones disminuyeron un poco m\u00e1s que las importaciones, inform\u00f3 hoy el Departamento de Comercio. La dependencia detall\u00f3 que la brecha comercial alcanz\u00f3&#46;&#46;&#46;<\/p>\n","protected":false},"author":1,"featured_media":0,"comment_status":"open","ping_status":"closed","sticky":false,"template":"","format":"standard","meta":{"footnotes":""},"categories":[55],"tags":[973,3568,3569],"class_list":["post-32155","post","type-post","status-publish","format-standard","hentry","category-internacionales-seleccion","tag-deficit-comercial","tag-exportaciones","tag-importaciones"],"_links":{"self":[{"href":"https:\/\/copades.com\/monec\/index.php?rest_route=\/wp\/v2\/posts\/32155","targetHints":{"allow":["GET"]}}],"collection":[{"href":"https:\/\/copades.com\/monec\/index.php?rest_route=\/wp\/v2\/posts"}],"about":[{"href":"https:\/\/copades.com\/monec\/index.php?rest_route=\/wp\/v2\/types\/post"}],"author":[{"embeddable":true,"href":"https:\/\/copades.com\/monec\/index.php?rest_route=\/wp\/v2\/users\/1"}],"replies":[{"embeddable":true,"href":"https:\/\/copades.com\/monec\/index.php?rest_route=%2Fwp%2Fv2%2Fcomments&post=32155"}],"version-history":[{"count":1,"href":"https:\/\/copades.com\/monec\/index.php?rest_route=\/wp\/v2\/posts\/32155\/revisions"}],"predecessor-version":[{"id":32156,"href":"https:\/\/copades.com\/monec\/index.php?rest_route=\/wp\/v2\/posts\/32155\/revisions\/32156"}],"wp:attachment":[{"href":"https:\/\/copades.com\/monec\/index.php?rest_route=%2Fwp%2Fv2%2Fmedia&parent=32155"}],"wp:term":[{"taxonomy":"category","embeddable":true,"href":"https:\/\/copades.com\/monec\/index.php?rest_route=%2Fwp%2Fv2%2Fcategories&post=32155"},{"taxonomy":"post_tag","embeddable":true,"href":"https:\/\/copades.com\/monec\/index.php?rest_route=%2Fwp%2Fv2%2Ftags&post=32155"}],"curies":[{"name":"wp","href":"https:\/\/api.w.org\/{rel}","templated":true}]}}