{"id":33640,"date":"2018-02-14T10:26:33","date_gmt":"2018-02-14T16:26:33","guid":{"rendered":"http:\/\/copades.com\/monec\/?p=33640"},"modified":"2018-02-14T10:26:33","modified_gmt":"2018-02-14T16:26:33","slug":"zonas-francas-continuan-perdiendo-terreno-por-cambios-legales","status":"publish","type":"post","link":"https:\/\/copades.com\/monec\/?p=33640","title":{"rendered":"Zonas francas contin\u00faan perdiendo terreno por cambios legales"},"content":{"rendered":"<p style=\"text-align: justify;\">Las exportaciones en el comercio de zonas francas hasta noviembre de 2017 reportaron una baja de 15.5 por ciento, respecto del mismo periodo de 2016. Esto debido a que sumaron en US$547.9 millones, menor en US$100.8 millones respecto del a\u00f1o anterior. En reiteradas declaraciones, el sector de exportadores y de zonas francas han manifestado que el cambio mediante el Decreto 19-2016, Ley Emergente para la Conservaci\u00f3n del\u00a0Empleo, ha afectado la inversi\u00f3n de empresas ya establecidas y de las que estaban interesadas en venir al pa\u00eds, por ello buscan que se reforme nuevamente. Las exportaciones bajo el Decreto 29-89 referente a maquilas tambi\u00e9n tuvo una baja a noviembre de 2017 de 2.2 por ciento, ya que registr\u00f3 US$2.9 millardos, mientras que al mismo periodo de 2016 fueron US$3.0 millardos. En 2014 este sum\u00f3 US$3.4 millardos y en 2016 cerr\u00f3 en US$3.3 millardos. Enrique Lacs, experto en comercio exterior, explic\u00f3 que las zonas francas y maquilas son reg\u00edmenes especiales de exportaci\u00f3n, donde la materia prima o producto que entra debe salir de nuevo. Agreg\u00f3 que en las primeras hay m\u00e1s comercializaci\u00f3n, mientras que en las segundas, m\u00e1s valor agregado. (EP 14.02.18)<\/p>\n","protected":false},"excerpt":{"rendered":"<p>Las exportaciones en el comercio de zonas francas hasta noviembre de 2017 reportaron una baja de 15.5 por ciento, respecto del mismo periodo de 2016. Esto debido a que sumaron en US$547.9 millones, menor&#46;&#46;&#46;<\/p>\n","protected":false},"author":1,"featured_media":0,"comment_status":"open","ping_status":"closed","sticky":false,"template":"","format":"standard","meta":{"footnotes":""},"categories":[37],"tags":[5668,6238,3570],"class_list":["post-33640","post","type-post","status-publish","format-standard","hentry","category-zonas-francas","tag-decreto-29-89","tag-ley-emergente-de-conservacion-del-empleo","tag-zonas-francas"],"_links":{"self":[{"href":"https:\/\/copades.com\/monec\/index.php?rest_route=\/wp\/v2\/posts\/33640","targetHints":{"allow":["GET"]}}],"collection":[{"href":"https:\/\/copades.com\/monec\/index.php?rest_route=\/wp\/v2\/posts"}],"about":[{"href":"https:\/\/copades.com\/monec\/index.php?rest_route=\/wp\/v2\/types\/post"}],"author":[{"embeddable":true,"href":"https:\/\/copades.com\/monec\/index.php?rest_route=\/wp\/v2\/users\/1"}],"replies":[{"embeddable":true,"href":"https:\/\/copades.com\/monec\/index.php?rest_route=%2Fwp%2Fv2%2Fcomments&post=33640"}],"version-history":[{"count":1,"href":"https:\/\/copades.com\/monec\/index.php?rest_route=\/wp\/v2\/posts\/33640\/revisions"}],"predecessor-version":[{"id":33641,"href":"https:\/\/copades.com\/monec\/index.php?rest_route=\/wp\/v2\/posts\/33640\/revisions\/33641"}],"wp:attachment":[{"href":"https:\/\/copades.com\/monec\/index.php?rest_route=%2Fwp%2Fv2%2Fmedia&parent=33640"}],"wp:term":[{"taxonomy":"category","embeddable":true,"href":"https:\/\/copades.com\/monec\/index.php?rest_route=%2Fwp%2Fv2%2Fcategories&post=33640"},{"taxonomy":"post_tag","embeddable":true,"href":"https:\/\/copades.com\/monec\/index.php?rest_route=%2Fwp%2Fv2%2Ftags&post=33640"}],"curies":[{"name":"wp","href":"https:\/\/api.w.org\/{rel}","templated":true}]}}