{"id":33650,"date":"2018-02-15T10:57:19","date_gmt":"2018-02-15T16:57:19","guid":{"rendered":"http:\/\/copades.com\/monec\/?p=33650"},"modified":"2018-02-15T10:57:19","modified_gmt":"2018-02-15T16:57:19","slug":"refuerzan-nexos-con-ee-uu","status":"publish","type":"post","link":"https:\/\/copades.com\/monec\/?p=33650","title":{"rendered":"Refuerzan nexos con EE. UU."},"content":{"rendered":"<p style=\"text-align: justify;\">Luis Arreaga, embajador de Estados Unidos, y el presidente Jimmy Morales compartir\u00e1n hoy con empresarios de la C\u00e1mara de Comercio Guatemalteco Americana (AmCham) los planes para la atracci\u00f3n de inversiones. Se trata de la primera vez que el diplom\u00e1tico y el gobernante ofrecer\u00e1n una conferencia ante los socios de esa c\u00e1mara comercial. Juan Pablo Carrasco, presidente de AmCham, explic\u00f3 que en la agenda hay tres temas de inter\u00e9s para los tomadores de decisiones. El primero, dijo, es sobre c\u00f3mo aprovechar al m\u00e1ximo los negocios en el marco del Tratado de Libre Comercio (TLC). El segundo apunta a las oportunidades que ofrece la Alianza para la Prosperidad del Tri\u00e1ngulo Norte de Centroam\u00e9rica. Y el \u00faltimo eje es conocer la situaci\u00f3n econ\u00f3mica del pa\u00eds y mundial, aprovechando el buen momento que pasa la producci\u00f3n de los EE. UU. (PL\/DCA 15.02.18)<\/p>\n","protected":false},"excerpt":{"rendered":"<p>Luis Arreaga, embajador de Estados Unidos, y el presidente Jimmy Morales compartir\u00e1n hoy con empresarios de la C\u00e1mara de Comercio Guatemalteco Americana (AmCham) los planes para la atracci\u00f3n de inversiones. Se trata de la&#46;&#46;&#46;<\/p>\n","protected":false},"author":1,"featured_media":0,"comment_status":"open","ping_status":"closed","sticky":false,"template":"","format":"standard","meta":{"footnotes":""},"categories":[5],"tags":[5182,367,85],"class_list":["post-33650","post","type-post","status-publish","format-standard","hentry","category-actividad-productiva","tag-actividad-productiva","tag-amcham","tag-guatemala"],"_links":{"self":[{"href":"https:\/\/copades.com\/monec\/index.php?rest_route=\/wp\/v2\/posts\/33650","targetHints":{"allow":["GET"]}}],"collection":[{"href":"https:\/\/copades.com\/monec\/index.php?rest_route=\/wp\/v2\/posts"}],"about":[{"href":"https:\/\/copades.com\/monec\/index.php?rest_route=\/wp\/v2\/types\/post"}],"author":[{"embeddable":true,"href":"https:\/\/copades.com\/monec\/index.php?rest_route=\/wp\/v2\/users\/1"}],"replies":[{"embeddable":true,"href":"https:\/\/copades.com\/monec\/index.php?rest_route=%2Fwp%2Fv2%2Fcomments&post=33650"}],"version-history":[{"count":1,"href":"https:\/\/copades.com\/monec\/index.php?rest_route=\/wp\/v2\/posts\/33650\/revisions"}],"predecessor-version":[{"id":33651,"href":"https:\/\/copades.com\/monec\/index.php?rest_route=\/wp\/v2\/posts\/33650\/revisions\/33651"}],"wp:attachment":[{"href":"https:\/\/copades.com\/monec\/index.php?rest_route=%2Fwp%2Fv2%2Fmedia&parent=33650"}],"wp:term":[{"taxonomy":"category","embeddable":true,"href":"https:\/\/copades.com\/monec\/index.php?rest_route=%2Fwp%2Fv2%2Fcategories&post=33650"},{"taxonomy":"post_tag","embeddable":true,"href":"https:\/\/copades.com\/monec\/index.php?rest_route=%2Fwp%2Fv2%2Ftags&post=33650"}],"curies":[{"name":"wp","href":"https:\/\/api.w.org\/{rel}","templated":true}]}}