{"id":33768,"date":"2018-02-27T12:23:33","date_gmt":"2018-02-27T18:23:33","guid":{"rendered":"http:\/\/copades.com\/monec\/?p=33768"},"modified":"2018-02-27T12:23:33","modified_gmt":"2018-02-27T18:23:33","slug":"mas-empresas-buscan-cerrar-operaciones","status":"publish","type":"post","link":"https:\/\/copades.com\/monec\/?p=33768","title":{"rendered":"M\u00e1s empresas buscan cerrar operaciones"},"content":{"rendered":"<p style=\"text-align: justify;\">Reducir el n\u00famero de actividades permitidas en zonas francas en el 2016 caus\u00f3 que 30 empresas m\u00e1s est\u00e9n en proceso de cierre de operaciones en ese r\u00e9gimen, las cuales se agregar\u00edan a las 62 que ya fueron cerradas hace dos a\u00f1os, cuando entraron en vigencia las reformas. Informaci\u00f3n del Ministerio de Econom\u00eda (MINECO) refiere que 23 de estas firmas eran catalogadas como usuarios comerciales, cinco de servicios y dos industriales. El impacto es la p\u00e9rdida de 1 mil 500 empleos, explic\u00f3 el presidente de la Asociaci\u00f3n de Zonas Francas Privadas de Guatemala, Ren\u00e9 Casta\u00f1eda, quien agreg\u00f3 que hay otras 18 que ya tienen preparado su retiro, pero no han presentado su documentaci\u00f3n. Otras 18 empresas, indic\u00f3, est\u00e1n en espera de que se cambie la ley, mediante una iniciativa que se encuentra en discusi\u00f3n en el Congreso y se vuelvan a incorporar 13 actividades como lo son importaci\u00f3n de maquinaria y equipo, alimentos procesados, pl\u00e1stico y manufacturas, o farmac\u00e9uticos y cosm\u00e9tica. (PL 27.02.18)<\/p>\n","protected":false},"excerpt":{"rendered":"<p>Reducir el n\u00famero de actividades permitidas en zonas francas en el 2016 caus\u00f3 que 30 empresas m\u00e1s est\u00e9n en proceso de cierre de operaciones en ese r\u00e9gimen, las cuales se agregar\u00edan a las 62&#46;&#46;&#46;<\/p>\n","protected":false},"author":1,"featured_media":0,"comment_status":"open","ping_status":"closed","sticky":false,"template":"","format":"standard","meta":{"footnotes":""},"categories":[37],"tags":[85,78,3570],"class_list":["post-33768","post","type-post","status-publish","format-standard","hentry","category-zonas-francas","tag-guatemala","tag-mineco","tag-zonas-francas"],"_links":{"self":[{"href":"https:\/\/copades.com\/monec\/index.php?rest_route=\/wp\/v2\/posts\/33768","targetHints":{"allow":["GET"]}}],"collection":[{"href":"https:\/\/copades.com\/monec\/index.php?rest_route=\/wp\/v2\/posts"}],"about":[{"href":"https:\/\/copades.com\/monec\/index.php?rest_route=\/wp\/v2\/types\/post"}],"author":[{"embeddable":true,"href":"https:\/\/copades.com\/monec\/index.php?rest_route=\/wp\/v2\/users\/1"}],"replies":[{"embeddable":true,"href":"https:\/\/copades.com\/monec\/index.php?rest_route=%2Fwp%2Fv2%2Fcomments&post=33768"}],"version-history":[{"count":1,"href":"https:\/\/copades.com\/monec\/index.php?rest_route=\/wp\/v2\/posts\/33768\/revisions"}],"predecessor-version":[{"id":33769,"href":"https:\/\/copades.com\/monec\/index.php?rest_route=\/wp\/v2\/posts\/33768\/revisions\/33769"}],"wp:attachment":[{"href":"https:\/\/copades.com\/monec\/index.php?rest_route=%2Fwp%2Fv2%2Fmedia&parent=33768"}],"wp:term":[{"taxonomy":"category","embeddable":true,"href":"https:\/\/copades.com\/monec\/index.php?rest_route=%2Fwp%2Fv2%2Fcategories&post=33768"},{"taxonomy":"post_tag","embeddable":true,"href":"https:\/\/copades.com\/monec\/index.php?rest_route=%2Fwp%2Fv2%2Ftags&post=33768"}],"curies":[{"name":"wp","href":"https:\/\/api.w.org\/{rel}","templated":true}]}}