{"id":34358,"date":"2018-04-26T11:06:08","date_gmt":"2018-04-26T17:06:08","guid":{"rendered":"http:\/\/copades.com\/monec\/?p=34358"},"modified":"2018-04-26T11:06:08","modified_gmt":"2018-04-26T17:06:08","slug":"abogan-para-que-se-reanuden-las-operaciones-de-minera-san-rafael","status":"publish","type":"post","link":"https:\/\/copades.com\/monec\/?p=34358","title":{"rendered":"Abogan para que se reanuden las operaciones de Minera San Rafael"},"content":{"rendered":"<p style=\"text-align: justify;\">Dos conferencistas internacionales abogaron ayer porque a la Minera San Rafael, subsidiaria de la canadiense Tahoe Resources, se le permita operar, mientras la Corte de Constitucionalidad (CC) resuelve su caso. Afirmaron que el cierre del proyecto afecta la atracci\u00f3n de inversi\u00f3n al pa\u00eds. La directora Ejecutiva en la oficina de Nueva York, Sard Verbinnen &amp; Co., Miriam Sapiro, mencion\u00f3 que Guatemala est\u00e1 en un momento cr\u00edtico, ya que su desarrollo peligra porque la gente afuera se pregunta si el pa\u00eds est\u00e1 abierto o no a la inversi\u00f3n extranjera. El cierre de la mina San Rafael manda un mensaje de que la inversi\u00f3n no es bienvenida, dijo Sapiro, y agreg\u00f3 que el pa\u00eds tiene mucho por atraer y de mantener inversi\u00f3n de largo plazo, entre ellas por su ubicaci\u00f3n estrategia y por el desarrollo tecnol\u00f3gico que puede aprovecharse. El exsecretario de Asuntos Veteranos de Estados Unidos y embajador de la Santa Sede, Jim Nicholson, visit\u00f3 el proyecto minero y se reuni\u00f3 con gente de San Rafael Las Flores, Santa Rosa, quienes le manifestaron su preocupaci\u00f3n por el cierre de la mina. (EP\/PL 26.04.18)<\/p>\n","protected":false},"excerpt":{"rendered":"<p>Dos conferencistas internacionales abogaron ayer porque a la Minera San Rafael, subsidiaria de la canadiense Tahoe Resources, se le permita operar, mientras la Corte de Constitucionalidad (CC) resuelve su caso. Afirmaron que el cierre&#46;&#46;&#46;<\/p>\n","protected":false},"author":1,"featured_media":0,"comment_status":"open","ping_status":"closed","sticky":false,"template":"","format":"standard","meta":{"footnotes":""},"categories":[19],"tags":[789,85,6346],"class_list":["post-34358","post","type-post","status-publish","format-standard","hentry","category-minas-y-canteras","tag-cc","tag-guatemala","tag-verbinnen-co"],"_links":{"self":[{"href":"https:\/\/copades.com\/monec\/index.php?rest_route=\/wp\/v2\/posts\/34358","targetHints":{"allow":["GET"]}}],"collection":[{"href":"https:\/\/copades.com\/monec\/index.php?rest_route=\/wp\/v2\/posts"}],"about":[{"href":"https:\/\/copades.com\/monec\/index.php?rest_route=\/wp\/v2\/types\/post"}],"author":[{"embeddable":true,"href":"https:\/\/copades.com\/monec\/index.php?rest_route=\/wp\/v2\/users\/1"}],"replies":[{"embeddable":true,"href":"https:\/\/copades.com\/monec\/index.php?rest_route=%2Fwp%2Fv2%2Fcomments&post=34358"}],"version-history":[{"count":1,"href":"https:\/\/copades.com\/monec\/index.php?rest_route=\/wp\/v2\/posts\/34358\/revisions"}],"predecessor-version":[{"id":34359,"href":"https:\/\/copades.com\/monec\/index.php?rest_route=\/wp\/v2\/posts\/34358\/revisions\/34359"}],"wp:attachment":[{"href":"https:\/\/copades.com\/monec\/index.php?rest_route=%2Fwp%2Fv2%2Fmedia&parent=34358"}],"wp:term":[{"taxonomy":"category","embeddable":true,"href":"https:\/\/copades.com\/monec\/index.php?rest_route=%2Fwp%2Fv2%2Fcategories&post=34358"},{"taxonomy":"post_tag","embeddable":true,"href":"https:\/\/copades.com\/monec\/index.php?rest_route=%2Fwp%2Fv2%2Ftags&post=34358"}],"curies":[{"name":"wp","href":"https:\/\/api.w.org\/{rel}","templated":true}]}}