{"id":34748,"date":"2018-06-06T11:26:11","date_gmt":"2018-06-06T17:26:11","guid":{"rendered":"http:\/\/copades.com\/monec\/?p=34748"},"modified":"2018-06-06T11:26:11","modified_gmt":"2018-06-06T17:26:11","slug":"ceniza-dana-zonas-de-cultivo","status":"publish","type":"post","link":"https:\/\/copades.com\/monec\/?p=34748","title":{"rendered":"Ceniza da\u00f1a zonas de cultivo"},"content":{"rendered":"<p style=\"text-align: justify;\">La ceniza expulsada por el Volc\u00e1n de Fuego en los \u00faltimos d\u00edas da\u00f1\u00f3 cultivos de milpa, frijol, remolacha, br\u00f3coli, g\u00fcicoy, durazno, fresa y naranja, entre otros, en varios municipios como San Andr\u00e9s Itzapa, Parramos, Acatenango y San Pedro Yepocapa. Aunque no han cuantificado las p\u00e9rdidas, los afectados consideran la situaci\u00f3n podr\u00eda causarles problemas econ\u00f3micos para terminar el a\u00f1o. Selvin Mart\u00ednez, trabajador de una plantaci\u00f3n de fresa, dijo que la arena y ceniza quemaron toda la plantaci\u00f3n, lo que le ha dejado p\u00e9rdidas por unos Q50 mil. \u201cEstamos podando las matas de la fresa, para ver si vuelve a dar. En otros cultivos tambi\u00e9n tuvimos p\u00e9rdidas, pero as\u00ed es la vida, y s\u00ed son cosas de Dios no podemos hacer nada, solo echarle ganas y seguir adelante con lo tenemos\u201d, afirm\u00f3. (PL 06.06.18)<\/p>\n","protected":false},"excerpt":{"rendered":"<p>La ceniza expulsada por el Volc\u00e1n de Fuego en los \u00faltimos d\u00edas da\u00f1\u00f3 cultivos de milpa, frijol, remolacha, br\u00f3coli, g\u00fcicoy, durazno, fresa y naranja, entre otros, en varios municipios como San Andr\u00e9s Itzapa, Parramos,&#46;&#46;&#46;<\/p>\n","protected":false},"author":1,"featured_media":0,"comment_status":"open","ping_status":"closed","sticky":false,"template":"","format":"standard","meta":{"footnotes":""},"categories":[10],"tags":[6398,85,2346],"class_list":["post-34748","post","type-post","status-publish","format-standard","hentry","category-agricultura","tag-cultivos","tag-guatemala","tag-perdidas-economicas"],"_links":{"self":[{"href":"https:\/\/copades.com\/monec\/index.php?rest_route=\/wp\/v2\/posts\/34748","targetHints":{"allow":["GET"]}}],"collection":[{"href":"https:\/\/copades.com\/monec\/index.php?rest_route=\/wp\/v2\/posts"}],"about":[{"href":"https:\/\/copades.com\/monec\/index.php?rest_route=\/wp\/v2\/types\/post"}],"author":[{"embeddable":true,"href":"https:\/\/copades.com\/monec\/index.php?rest_route=\/wp\/v2\/users\/1"}],"replies":[{"embeddable":true,"href":"https:\/\/copades.com\/monec\/index.php?rest_route=%2Fwp%2Fv2%2Fcomments&post=34748"}],"version-history":[{"count":1,"href":"https:\/\/copades.com\/monec\/index.php?rest_route=\/wp\/v2\/posts\/34748\/revisions"}],"predecessor-version":[{"id":34749,"href":"https:\/\/copades.com\/monec\/index.php?rest_route=\/wp\/v2\/posts\/34748\/revisions\/34749"}],"wp:attachment":[{"href":"https:\/\/copades.com\/monec\/index.php?rest_route=%2Fwp%2Fv2%2Fmedia&parent=34748"}],"wp:term":[{"taxonomy":"category","embeddable":true,"href":"https:\/\/copades.com\/monec\/index.php?rest_route=%2Fwp%2Fv2%2Fcategories&post=34748"},{"taxonomy":"post_tag","embeddable":true,"href":"https:\/\/copades.com\/monec\/index.php?rest_route=%2Fwp%2Fv2%2Ftags&post=34748"}],"curies":[{"name":"wp","href":"https:\/\/api.w.org\/{rel}","templated":true}]}}