{"id":35162,"date":"2018-07-17T15:04:37","date_gmt":"2018-07-17T21:04:37","guid":{"rendered":"http:\/\/copades.com\/monec\/?p=35162"},"modified":"2018-07-17T15:04:37","modified_gmt":"2018-07-17T21:04:37","slug":"el-frijol-y-ajonjoli-afianzan-exportaciones","status":"publish","type":"post","link":"https:\/\/copades.com\/monec\/?p=35162","title":{"rendered":"El frijol y ajonjol\u00ed afianzan exportaciones"},"content":{"rendered":"<p style=\"text-align: justify;\">La exportaci\u00f3n de frijol, uno de los granos b\u00e1sicos de la dieta del guatemalteco, explora otros mercados y ha incrementado su venta intrarregional. Costa Rica y El Salvador son los principales clientes. El a\u00f1o pasado las ventas crecieron un 25.9 por ciento comparado con 2016. La factura alcanz\u00f3 US$61.6 millones. El MAGA registra que el cultivo del grano genera m\u00e1s de 60 mil plazas permanentes y 16 millones de empleos en el campo. El 62.3 por ciento del territorio guatemalteco se utiliza para su cosecha. El investigador del Instituto de Agricultura, Recursos Naturales y Ambiente (IARNA), Jaime Carrera, resalt\u00f3 que el cambio clim\u00e1tico es uno de los factores que perjudica porque se puede llegar perder cosechas completas por la sequ\u00eda y el incremento de las lluvias. Otro de los granos que se est\u00e1 posicionando en mercados externos es el ajonjol\u00ed por su color y olor llamado grano de oro. La producci\u00f3n distribuida en los departamentos Retalhuleu, Suchitep\u00e9quez, Quetzaltenango, Pet\u00e9n y Santa Rosa ha facturado los primeros cinco meses del a\u00f1o de US$13.9 millones. Entre 2016 y 2017 ha aumentado sus ventas en 35.80 por ciento. Las principales exportaciones son a Jap\u00f3n, Estados Unidos, M\u00e9xico, Reino Unido y Alemania. (EP 17.07.18)<\/p>\n","protected":false},"excerpt":{"rendered":"<p>La exportaci\u00f3n de frijol, uno de los granos b\u00e1sicos de la dieta del guatemalteco, explora otros mercados y ha incrementado su venta intrarregional. Costa Rica y El Salvador son los principales clientes. El a\u00f1o&#46;&#46;&#46;<\/p>\n","protected":false},"author":1,"featured_media":0,"comment_status":"open","ping_status":"closed","sticky":false,"template":"","format":"standard","meta":{"footnotes":""},"categories":[33],"tags":[85,1545,289],"class_list":["post-35162","post","type-post","status-publish","format-standard","hentry","category-exportaciones-no-tradicionales-al-resto-del-mundo","tag-guatemala","tag-iarna","tag-maga"],"_links":{"self":[{"href":"https:\/\/copades.com\/monec\/index.php?rest_route=\/wp\/v2\/posts\/35162","targetHints":{"allow":["GET"]}}],"collection":[{"href":"https:\/\/copades.com\/monec\/index.php?rest_route=\/wp\/v2\/posts"}],"about":[{"href":"https:\/\/copades.com\/monec\/index.php?rest_route=\/wp\/v2\/types\/post"}],"author":[{"embeddable":true,"href":"https:\/\/copades.com\/monec\/index.php?rest_route=\/wp\/v2\/users\/1"}],"replies":[{"embeddable":true,"href":"https:\/\/copades.com\/monec\/index.php?rest_route=%2Fwp%2Fv2%2Fcomments&post=35162"}],"version-history":[{"count":1,"href":"https:\/\/copades.com\/monec\/index.php?rest_route=\/wp\/v2\/posts\/35162\/revisions"}],"predecessor-version":[{"id":35163,"href":"https:\/\/copades.com\/monec\/index.php?rest_route=\/wp\/v2\/posts\/35162\/revisions\/35163"}],"wp:attachment":[{"href":"https:\/\/copades.com\/monec\/index.php?rest_route=%2Fwp%2Fv2%2Fmedia&parent=35162"}],"wp:term":[{"taxonomy":"category","embeddable":true,"href":"https:\/\/copades.com\/monec\/index.php?rest_route=%2Fwp%2Fv2%2Fcategories&post=35162"},{"taxonomy":"post_tag","embeddable":true,"href":"https:\/\/copades.com\/monec\/index.php?rest_route=%2Fwp%2Fv2%2Ftags&post=35162"}],"curies":[{"name":"wp","href":"https:\/\/api.w.org\/{rel}","templated":true}]}}