{"id":35234,"date":"2018-07-24T12:16:04","date_gmt":"2018-07-24T18:16:04","guid":{"rendered":"http:\/\/copades.com\/monec\/?p=35234"},"modified":"2018-07-24T12:16:04","modified_gmt":"2018-07-24T18:16:04","slug":"canicula-podra-afectar-la-cosecha-del-frijol-y-el-maiz","status":"publish","type":"post","link":"https:\/\/copades.com\/monec\/?p=35234","title":{"rendered":"Can\u00edcula podr\u00e1 afectar la cosecha del frijol y el ma\u00edz"},"content":{"rendered":"<p style=\"text-align: justify;\">El ma\u00edz blanco y el frijol negro son los granos b\u00e1sicos que est\u00e1n comprometidos si el periodo de la can\u00edcula contin\u00faa. La Organizaci\u00f3n de las Naciones Unidas para la Alimentaci\u00f3n y la Agricultura (FAO) inform\u00f3 que existe una alta posibilidad de p\u00e9rdidas de cosechas en varias regiones del pa\u00eds, debido a que la temporada ha alargado el detrimento de la producci\u00f3n agropecuaria. El director del Centro de Estudios Agr\u00edcolas y Alimentarios (CEAA) del Instituto de Investigaciones de la Universidad del Valle de Guatemala, Rolando Cifuentes Vel\u00e1squez, explic\u00f3 que es una \u00e9poca cr\u00edtica para la producci\u00f3n de ma\u00edz y frijol porque a\u00fan no se ha definido la cosecha, esto debido a que se encuentran en \u00e9poca de floraci\u00f3n. \u201cSi las plantaciones no reciben un riego de auxilio o no llueve, se puede perder todo\u201d, enfatiz\u00f3. A\u00f1adi\u00f3 que es necesaria la creaci\u00f3n de una infraestructura de riego, principalmente en el Corredor Seco. El Insivumeh registr\u00f3 el periodo de can\u00edcula a inicios del mes de julio y pronostic\u00f3 una duraci\u00f3n de 20 d\u00edas. La meseta central y oriente son las regiones m\u00e1s afectadas. (EP 24.07.18)<\/p>\n","protected":false},"excerpt":{"rendered":"<p>El ma\u00edz blanco y el frijol negro son los granos b\u00e1sicos que est\u00e1n comprometidos si el periodo de la can\u00edcula contin\u00faa. La Organizaci\u00f3n de las Naciones Unidas para la Alimentaci\u00f3n y la Agricultura (FAO)&#46;&#46;&#46;<\/p>\n","protected":false},"author":1,"featured_media":0,"comment_status":"open","ping_status":"closed","sticky":false,"template":"","format":"standard","meta":{"footnotes":""},"categories":[10],"tags":[6446,82,85],"class_list":["post-35234","post","type-post","status-publish","format-standard","hentry","category-agricultura","tag-cffa","tag-fao","tag-guatemala"],"_links":{"self":[{"href":"https:\/\/copades.com\/monec\/index.php?rest_route=\/wp\/v2\/posts\/35234","targetHints":{"allow":["GET"]}}],"collection":[{"href":"https:\/\/copades.com\/monec\/index.php?rest_route=\/wp\/v2\/posts"}],"about":[{"href":"https:\/\/copades.com\/monec\/index.php?rest_route=\/wp\/v2\/types\/post"}],"author":[{"embeddable":true,"href":"https:\/\/copades.com\/monec\/index.php?rest_route=\/wp\/v2\/users\/1"}],"replies":[{"embeddable":true,"href":"https:\/\/copades.com\/monec\/index.php?rest_route=%2Fwp%2Fv2%2Fcomments&post=35234"}],"version-history":[{"count":1,"href":"https:\/\/copades.com\/monec\/index.php?rest_route=\/wp\/v2\/posts\/35234\/revisions"}],"predecessor-version":[{"id":35235,"href":"https:\/\/copades.com\/monec\/index.php?rest_route=\/wp\/v2\/posts\/35234\/revisions\/35235"}],"wp:attachment":[{"href":"https:\/\/copades.com\/monec\/index.php?rest_route=%2Fwp%2Fv2%2Fmedia&parent=35234"}],"wp:term":[{"taxonomy":"category","embeddable":true,"href":"https:\/\/copades.com\/monec\/index.php?rest_route=%2Fwp%2Fv2%2Fcategories&post=35234"},{"taxonomy":"post_tag","embeddable":true,"href":"https:\/\/copades.com\/monec\/index.php?rest_route=%2Fwp%2Fv2%2Ftags&post=35234"}],"curies":[{"name":"wp","href":"https:\/\/api.w.org\/{rel}","templated":true}]}}