{"id":35265,"date":"2018-07-26T12:31:17","date_gmt":"2018-07-26T18:31:17","guid":{"rendered":"http:\/\/copades.com\/monec\/?p=35265"},"modified":"2018-07-26T12:31:17","modified_gmt":"2018-07-26T18:31:17","slug":"sat-acepta-publicar-acuerdo-de-gerencia-de-investigacion-fiscal","status":"publish","type":"post","link":"https:\/\/copades.com\/monec\/?p=35265","title":{"rendered":"SAT acepta publicar acuerdo de Gerencia de Investigaci\u00f3n Fiscal"},"content":{"rendered":"<p style=\"text-align: justify;\">Citaciones en el Legislativo y amparos en contra de la creaci\u00f3n y funcionamiento de la Gerencia de Investigaci\u00f3n Fiscal de la Superintendencia de Administraci\u00f3n Tributaria (SAT) anteceden a la decisi\u00f3n acordada por el Directorio de la entidad, de publicar el Acuerdo 14-2016 con el que se realizaron reformas al reglamento interno del ente recaudador. En septiembre de 2016, bajo la administraci\u00f3n de Juan Francisco Sol\u00f3rzano Foppa, se realizaron los cambios y aunque el acuerdo del Directorio se public\u00f3 en el sitio web de la SAT, no se hizo la publicaci\u00f3n en el diario oficial. Ayer el Directorio conoci\u00f3 el dictamen jur\u00eddico que respalda la decisi\u00f3n \u201cde no publicarse en el diario oficial\u201d. La opini\u00f3n se basa en que es una modificaci\u00f3n que \u201cata\u00f1e a la estructura interna de la SAT\u201d, explic\u00f3 el superintendente Abel Cruz Calder\u00f3n. \u201cPara evitar suspicacias ya se gestion\u00f3 la publicaci\u00f3n en el diario oficial, sin que sea legalmente necesario\u201d, agreg\u00f3 Cruz. La Gerencia de Investigaci\u00f3n Fiscal est\u00e1 a cargo de Jorge Ra\u00fal Van Der Henst Di\u00e9guez y, seg\u00fan el acuerdo del Directorio, \u201ces la dependencia encargada de coadyuvar a la reducci\u00f3n de la evasi\u00f3n fiscal, defraudaci\u00f3n tributaria y aduanera, contrabando y delitos relacionados\u2026\u201d (EP\/PL 26.07.18)<\/p>\n","protected":false},"excerpt":{"rendered":"<p>Citaciones en el Legislativo y amparos en contra de la creaci\u00f3n y funcionamiento de la Gerencia de Investigaci\u00f3n Fiscal de la Superintendencia de Administraci\u00f3n Tributaria (SAT) anteceden a la decisi\u00f3n acordada por el Directorio&#46;&#46;&#46;<\/p>\n","protected":false},"author":1,"featured_media":0,"comment_status":"open","ping_status":"closed","sticky":false,"template":"","format":"standard","meta":{"footnotes":""},"categories":[41],"tags":[3407,85,79],"class_list":["post-35265","post","type-post","status-publish","format-standard","hentry","category-finanzas-publicas","tag-finanzas-publicas","tag-guatemala","tag-sat"],"_links":{"self":[{"href":"https:\/\/copades.com\/monec\/index.php?rest_route=\/wp\/v2\/posts\/35265","targetHints":{"allow":["GET"]}}],"collection":[{"href":"https:\/\/copades.com\/monec\/index.php?rest_route=\/wp\/v2\/posts"}],"about":[{"href":"https:\/\/copades.com\/monec\/index.php?rest_route=\/wp\/v2\/types\/post"}],"author":[{"embeddable":true,"href":"https:\/\/copades.com\/monec\/index.php?rest_route=\/wp\/v2\/users\/1"}],"replies":[{"embeddable":true,"href":"https:\/\/copades.com\/monec\/index.php?rest_route=%2Fwp%2Fv2%2Fcomments&post=35265"}],"version-history":[{"count":1,"href":"https:\/\/copades.com\/monec\/index.php?rest_route=\/wp\/v2\/posts\/35265\/revisions"}],"predecessor-version":[{"id":35266,"href":"https:\/\/copades.com\/monec\/index.php?rest_route=\/wp\/v2\/posts\/35265\/revisions\/35266"}],"wp:attachment":[{"href":"https:\/\/copades.com\/monec\/index.php?rest_route=%2Fwp%2Fv2%2Fmedia&parent=35265"}],"wp:term":[{"taxonomy":"category","embeddable":true,"href":"https:\/\/copades.com\/monec\/index.php?rest_route=%2Fwp%2Fv2%2Fcategories&post=35265"},{"taxonomy":"post_tag","embeddable":true,"href":"https:\/\/copades.com\/monec\/index.php?rest_route=%2Fwp%2Fv2%2Ftags&post=35265"}],"curies":[{"name":"wp","href":"https:\/\/api.w.org\/{rel}","templated":true}]}}