{"id":35467,"date":"2018-08-14T10:25:05","date_gmt":"2018-08-14T16:25:05","guid":{"rendered":"http:\/\/copades.com\/monec\/?p=35467"},"modified":"2018-08-14T10:25:05","modified_gmt":"2018-08-14T16:25:05","slug":"sequia-arrasa-con-80-de-cultivos-de-maiz","status":"publish","type":"post","link":"https:\/\/copades.com\/monec\/?p=35467","title":{"rendered":"Sequ\u00eda arrasa con 80% de cultivos de ma\u00edz"},"content":{"rendered":"<p style=\"text-align: justify;\">M\u00e1s del 80% de los cultivos de ma\u00edz y frijol sembrados en mayo pasado al inicio de invierno en el oriente del pa\u00eds se han perdido debido a la falta de lluvia por la extensi\u00f3n de la can\u00edcula. En Ipala, Chiquimula, en forma conservadora se est\u00e1n reportando p\u00e9rdidas del 80%, pero algunos productores han perdido entre 90 y 95%, indic\u00f3 Israel G\u00e1lvez, director de la Asociaci\u00f3n de Desarrollo Comunitario Granero de Oriente (Adego). Adego agrupa a 300 productores del Corredor Seco que cultivan, en promedio, tres manzanas cada uno, y que en \u00e9poca normal lograr\u00edan cosechas de entre 150 a 200 quintales. Todo oriente ha sido afectado, pero es m\u00e1s acentuado en \u00e1reas como la chort\u00ed, incluyendo Jocot\u00e1n y Camot\u00e1n, agreg\u00f3. El ma\u00edz que se siembra en mayo madura en agosto y septiembre, y deber\u00eda estar listo para noviembre y diciembre. Ahora los agricultores eval\u00faan si har\u00e1n una segunda siembra la segunda quincena de agosto, para poder lograr cosechas posteriores. De frijol se logr\u00f3 una peque\u00f1a cosecha, ya que la segunda siembra del grano es la m\u00e1s fuerte. (PL 14.08.18)<\/p>\n","protected":false},"excerpt":{"rendered":"<p>M\u00e1s del 80% de los cultivos de ma\u00edz y frijol sembrados en mayo pasado al inicio de invierno en el oriente del pa\u00eds se han perdido debido a la falta de lluvia por la&#46;&#46;&#46;<\/p>\n","protected":false},"author":1,"featured_media":0,"comment_status":"open","ping_status":"closed","sticky":false,"template":"","format":"standard","meta":{"footnotes":""},"categories":[10],"tags":[3136,6466,85],"class_list":["post-35467","post","type-post","status-publish","format-standard","hentry","category-agricultura","tag-adego","tag-cultivos-de-maiz","tag-guatemala"],"_links":{"self":[{"href":"https:\/\/copades.com\/monec\/index.php?rest_route=\/wp\/v2\/posts\/35467","targetHints":{"allow":["GET"]}}],"collection":[{"href":"https:\/\/copades.com\/monec\/index.php?rest_route=\/wp\/v2\/posts"}],"about":[{"href":"https:\/\/copades.com\/monec\/index.php?rest_route=\/wp\/v2\/types\/post"}],"author":[{"embeddable":true,"href":"https:\/\/copades.com\/monec\/index.php?rest_route=\/wp\/v2\/users\/1"}],"replies":[{"embeddable":true,"href":"https:\/\/copades.com\/monec\/index.php?rest_route=%2Fwp%2Fv2%2Fcomments&post=35467"}],"version-history":[{"count":1,"href":"https:\/\/copades.com\/monec\/index.php?rest_route=\/wp\/v2\/posts\/35467\/revisions"}],"predecessor-version":[{"id":35468,"href":"https:\/\/copades.com\/monec\/index.php?rest_route=\/wp\/v2\/posts\/35467\/revisions\/35468"}],"wp:attachment":[{"href":"https:\/\/copades.com\/monec\/index.php?rest_route=%2Fwp%2Fv2%2Fmedia&parent=35467"}],"wp:term":[{"taxonomy":"category","embeddable":true,"href":"https:\/\/copades.com\/monec\/index.php?rest_route=%2Fwp%2Fv2%2Fcategories&post=35467"},{"taxonomy":"post_tag","embeddable":true,"href":"https:\/\/copades.com\/monec\/index.php?rest_route=%2Fwp%2Fv2%2Ftags&post=35467"}],"curies":[{"name":"wp","href":"https:\/\/api.w.org\/{rel}","templated":true}]}}