{"id":3558,"date":"2012-08-21T16:29:12","date_gmt":"2012-08-21T16:29:12","guid":{"rendered":"http:\/\/copades.com\/monec\/?p=3558"},"modified":"2012-08-21T16:29:12","modified_gmt":"2012-08-21T16:29:12","slug":"costa-rica-negociara-un-tlc-con-corea","status":"publish","type":"post","link":"https:\/\/copades.com\/monec\/?p=3558","title":{"rendered":"Costa Rica negociar\u00e1 un TLC con Corea"},"content":{"rendered":"<p style=\"text-align: justify;\">Costa Rica busca iniciar oficialmente el pr\u00f3ximo a\u00f1o las negociaciones de un Tratado de Libre Comercio (TLC) con Corea del Sur, la cuarta econom\u00eda de Asia, indic\u00f3 el 20 de agosto, la ministra costarricense de Comercio Exterior, <strong>Anabel Gonz\u00e1lez<\/strong>. En declaraciones en Se\u00fal un d\u00eda antes de reunirse con el titular surcoreano de Comercio, Park Tae-ho, Gonz\u00e1lez explic\u00f3 que su objetivo es \u201cgenerar un mecanismo que permita convocar una nueva reuni\u00f3n en octubre\u201d para sentar las bases encaminadas a negociar el TLC. Corea del Sur y Costa Rica registraron el a\u00f1o pasado intercambios comerciales por valor de US$504 millones, de los que US$184 millones fueron exportaciones del pa\u00eds centroamericano. (Prensa Libre 21.08.12)<\/p>\n","protected":false},"excerpt":{"rendered":"<p>Costa Rica busca iniciar oficialmente el pr\u00f3ximo a\u00f1o las negociaciones de un Tratado de Libre Comercio (TLC) con Corea del Sur, la cuarta econom\u00eda de Asia, indic\u00f3 el 20 de agosto, la ministra costarricense&#46;&#46;&#46;<\/p>\n","protected":false},"author":1,"featured_media":0,"comment_status":"open","ping_status":"closed","sticky":false,"template":"","format":"standard","meta":{"footnotes":""},"categories":[54],"tags":[697,94,63],"class_list":["post-3558","post","type-post","status-publish","format-standard","hentry","category-centroamerica-seleccion","tag-corea-del-sur","tag-costa-rica","tag-tlc"],"_links":{"self":[{"href":"https:\/\/copades.com\/monec\/index.php?rest_route=\/wp\/v2\/posts\/3558","targetHints":{"allow":["GET"]}}],"collection":[{"href":"https:\/\/copades.com\/monec\/index.php?rest_route=\/wp\/v2\/posts"}],"about":[{"href":"https:\/\/copades.com\/monec\/index.php?rest_route=\/wp\/v2\/types\/post"}],"author":[{"embeddable":true,"href":"https:\/\/copades.com\/monec\/index.php?rest_route=\/wp\/v2\/users\/1"}],"replies":[{"embeddable":true,"href":"https:\/\/copades.com\/monec\/index.php?rest_route=%2Fwp%2Fv2%2Fcomments&post=3558"}],"version-history":[{"count":2,"href":"https:\/\/copades.com\/monec\/index.php?rest_route=\/wp\/v2\/posts\/3558\/revisions"}],"predecessor-version":[{"id":3560,"href":"https:\/\/copades.com\/monec\/index.php?rest_route=\/wp\/v2\/posts\/3558\/revisions\/3560"}],"wp:attachment":[{"href":"https:\/\/copades.com\/monec\/index.php?rest_route=%2Fwp%2Fv2%2Fmedia&parent=3558"}],"wp:term":[{"taxonomy":"category","embeddable":true,"href":"https:\/\/copades.com\/monec\/index.php?rest_route=%2Fwp%2Fv2%2Fcategories&post=3558"},{"taxonomy":"post_tag","embeddable":true,"href":"https:\/\/copades.com\/monec\/index.php?rest_route=%2Fwp%2Fv2%2Ftags&post=3558"}],"curies":[{"name":"wp","href":"https:\/\/api.w.org\/{rel}","templated":true}]}}