{"id":35740,"date":"2018-09-07T11:54:34","date_gmt":"2018-09-07T17:54:34","guid":{"rendered":"http:\/\/copades.com\/monec\/?p=35740"},"modified":"2018-09-07T11:54:34","modified_gmt":"2018-09-07T17:54:34","slug":"preocupan-cambios-a-exoneracion-en-zonas-francas","status":"publish","type":"post","link":"https:\/\/copades.com\/monec\/?p=35740","title":{"rendered":"Preocupan cambios a exoneraci\u00f3n en zonas francas"},"content":{"rendered":"<p style=\"text-align: justify;\">Empresarios costarricenses mostraron su preocupaci\u00f3n por los posibles cambios en la exoneraci\u00f3n de las zonas francas incluidos en la reforma tributaria que estudia el Congreso. La C\u00e1mara de Exportadores de Costa Rica y la Asociaci\u00f3n de Empresas de Zonas Francas de Costa Rica indicaron que el texto del Proyecto de Ley de Fortalecimiento de las Finanzas P\u00fablicas limitar\u00eda la exoneraci\u00f3n que actualmente rige cuando las empresas de zona<br \/>\nfranca compran bienes y servicios en el mercado local. Para ambas organizaciones, uno de los beneficios m\u00e1s importantes de las Zonas Francas para el pa\u00eds es el encadenamiento productivo que se genera cuando estas empresas compran localmente. Actualmente adquieren el 38 por ciento de sus insumos en Costa Rica, representando un equivalente a US $1 mil 500 millones anuales. (DCA 07.09.18)<\/p>\n","protected":false},"excerpt":{"rendered":"<p>Empresarios costarricenses mostraron su preocupaci\u00f3n por los posibles cambios en la exoneraci\u00f3n de las zonas francas incluidos en la reforma tributaria que estudia el Congreso. La C\u00e1mara de Exportadores de Costa Rica y la&#46;&#46;&#46;<\/p>\n","protected":false},"author":1,"featured_media":0,"comment_status":"open","ping_status":"closed","sticky":false,"template":"","format":"standard","meta":{"footnotes":""},"categories":[54],"tags":[88,94,3570],"class_list":["post-35740","post","type-post","status-publish","format-standard","hentry","category-centroamerica-seleccion","tag-centroamerica","tag-costa-rica","tag-zonas-francas"],"_links":{"self":[{"href":"https:\/\/copades.com\/monec\/index.php?rest_route=\/wp\/v2\/posts\/35740","targetHints":{"allow":["GET"]}}],"collection":[{"href":"https:\/\/copades.com\/monec\/index.php?rest_route=\/wp\/v2\/posts"}],"about":[{"href":"https:\/\/copades.com\/monec\/index.php?rest_route=\/wp\/v2\/types\/post"}],"author":[{"embeddable":true,"href":"https:\/\/copades.com\/monec\/index.php?rest_route=\/wp\/v2\/users\/1"}],"replies":[{"embeddable":true,"href":"https:\/\/copades.com\/monec\/index.php?rest_route=%2Fwp%2Fv2%2Fcomments&post=35740"}],"version-history":[{"count":1,"href":"https:\/\/copades.com\/monec\/index.php?rest_route=\/wp\/v2\/posts\/35740\/revisions"}],"predecessor-version":[{"id":35741,"href":"https:\/\/copades.com\/monec\/index.php?rest_route=\/wp\/v2\/posts\/35740\/revisions\/35741"}],"wp:attachment":[{"href":"https:\/\/copades.com\/monec\/index.php?rest_route=%2Fwp%2Fv2%2Fmedia&parent=35740"}],"wp:term":[{"taxonomy":"category","embeddable":true,"href":"https:\/\/copades.com\/monec\/index.php?rest_route=%2Fwp%2Fv2%2Fcategories&post=35740"},{"taxonomy":"post_tag","embeddable":true,"href":"https:\/\/copades.com\/monec\/index.php?rest_route=%2Fwp%2Fv2%2Ftags&post=35740"}],"curies":[{"name":"wp","href":"https:\/\/api.w.org\/{rel}","templated":true}]}}