{"id":35891,"date":"2018-09-24T11:54:17","date_gmt":"2018-09-24T17:54:17","guid":{"rendered":"http:\/\/copades.com\/monec\/?p=35891"},"modified":"2018-09-24T11:54:17","modified_gmt":"2018-09-24T17:54:17","slug":"comision-de-finanzas-iniciara-con-analisis-al-presupuesto-2019","status":"publish","type":"post","link":"https:\/\/copades.com\/monec\/?p=35891","title":{"rendered":"Comisi\u00f3n de Finanzas iniciar\u00e1 con an\u00e1lisis al Presupuesto 2019"},"content":{"rendered":"<p style=\"text-align: justify;\">La pr\u00f3xima semana la Comisi\u00f3n de Finanzas del Congreso se reunir\u00e1 para realizar el cronograma de actividades y definir a qu\u00e9 entidades del Estado citar\u00e1 para iniciar con el an\u00e1lisis del Presupuesto General de la Naci\u00f3n 2019. El vicepresidente de esa Sala, Rudy Casta\u00f1eda, indic\u00f3 que en la evaluaci\u00f3n del proyecto del Presupuesto se tomar\u00e1n en cuenta tres aspectos en espec\u00edfico: Las fuentes de financiamiento, los ingresos y el gasto p\u00fablico. \u201cEl primer aspecto va relacionado a la recaudaci\u00f3n tributaria, el segundo es el tema de la contrataci\u00f3n de la deuda p\u00fablica, generalmente los presupuestos tienen como fuente de financiamiento a la deuda interna, y por \u00faltimo el gasto p\u00fablico, en este punto vemos las ejecuciones presupuestarias de los ministerios\u201d, explic\u00f3 el congresista. El Ejecutivo solicit\u00f3 Q89 mil 775 millones para el Presupuesto del pr\u00f3ximo a\u00f1o, de los cuales seg\u00fan Finanzas el 15.4% ser\u00e1 destinado para la deuda p\u00fablica, el 19.8% para inversi\u00f3n y el 64% para funcionamiento. (LH 22.09.18)<\/p>\n","protected":false},"excerpt":{"rendered":"<p>La pr\u00f3xima semana la Comisi\u00f3n de Finanzas del Congreso se reunir\u00e1 para realizar el cronograma de actividades y definir a qu\u00e9 entidades del Estado citar\u00e1 para iniciar con el an\u00e1lisis del Presupuesto General de&#46;&#46;&#46;<\/p>\n","protected":false},"author":1,"featured_media":0,"comment_status":"open","ping_status":"closed","sticky":false,"template":"","format":"standard","meta":{"footnotes":""},"categories":[41],"tags":[1128,85,6508],"class_list":["post-35891","post","type-post","status-publish","format-standard","hentry","category-finanzas-publicas","tag-congreso-de-la-republica","tag-guatemala","tag-presupuesto-2019"],"_links":{"self":[{"href":"https:\/\/copades.com\/monec\/index.php?rest_route=\/wp\/v2\/posts\/35891","targetHints":{"allow":["GET"]}}],"collection":[{"href":"https:\/\/copades.com\/monec\/index.php?rest_route=\/wp\/v2\/posts"}],"about":[{"href":"https:\/\/copades.com\/monec\/index.php?rest_route=\/wp\/v2\/types\/post"}],"author":[{"embeddable":true,"href":"https:\/\/copades.com\/monec\/index.php?rest_route=\/wp\/v2\/users\/1"}],"replies":[{"embeddable":true,"href":"https:\/\/copades.com\/monec\/index.php?rest_route=%2Fwp%2Fv2%2Fcomments&post=35891"}],"version-history":[{"count":1,"href":"https:\/\/copades.com\/monec\/index.php?rest_route=\/wp\/v2\/posts\/35891\/revisions"}],"predecessor-version":[{"id":35892,"href":"https:\/\/copades.com\/monec\/index.php?rest_route=\/wp\/v2\/posts\/35891\/revisions\/35892"}],"wp:attachment":[{"href":"https:\/\/copades.com\/monec\/index.php?rest_route=%2Fwp%2Fv2%2Fmedia&parent=35891"}],"wp:term":[{"taxonomy":"category","embeddable":true,"href":"https:\/\/copades.com\/monec\/index.php?rest_route=%2Fwp%2Fv2%2Fcategories&post=35891"},{"taxonomy":"post_tag","embeddable":true,"href":"https:\/\/copades.com\/monec\/index.php?rest_route=%2Fwp%2Fv2%2Ftags&post=35891"}],"curies":[{"name":"wp","href":"https:\/\/api.w.org\/{rel}","templated":true}]}}