{"id":35895,"date":"2018-09-24T11:59:28","date_gmt":"2018-09-24T17:59:28","guid":{"rendered":"http:\/\/copades.com\/monec\/?p=35895"},"modified":"2018-09-24T11:59:28","modified_gmt":"2018-09-24T17:59:28","slug":"el-panorama-economico-ante-la-evaluacion-de-sp","status":"publish","type":"post","link":"https:\/\/copades.com\/monec\/?p=35895","title":{"rendered":"El panorama econ\u00f3mico, ante la evaluaci\u00f3n de S&#038;P"},"content":{"rendered":"<p style=\"text-align: justify;\">La estabilidad macroecon\u00f3mica, la recaudaci\u00f3n tributaria, el sistema financiero, la inversi\u00f3n, la volatilidad del tipo de cambio, la situaci\u00f3n pol\u00edtica y social del pa\u00eds, entre otros factores, ser\u00e1n evaluados hoy y ma\u00f1ana por representantes de la calificadora de riesgo Standard and Poor\u2019s (S&amp;P). Sergio Recinos, presidente del Banco de Guatemala (Banguat), se reunir\u00e1 ma\u00f1ana por la tarde con los analistas de S&amp;P para recibir una retroalimentaci\u00f3n de la visita. El funcionario, quien el viernes \u00faltimo fue juramentado en el cargo para el per\u00edodo 2018-2022, se muestra optimista respecto a este examen porque, a pesar de la situaci\u00f3n pol\u00edtica que se vive en el pa\u00eds, hay estabilidad macrofinanciera. \u201cDesde el punto de vista macroecon\u00f3mico, no hay elementos para que ellos hagan una revisi\u00f3n a la baja\u201d, afirm\u00f3; aunque aclar\u00f3 que existe riesgo por la parte pol\u00edtica y social. En este \u00faltimo punto, Claudia Garc\u00eda, analista de la Asociaci\u00f3n de Investigaci\u00f3n y Estudios Sociales, dijo que a finales de este a\u00f1o o inicios de 2019 se podr\u00edan tener datos para afirmar que las tensiones pol\u00edticas y la incertidumbre han tenido un impacto negativo en la econom\u00eda, pero por el momento solo es una percepci\u00f3n. Por otro lado, indic\u00f3 que la suspensi\u00f3n provisional del art\u00edculo 52 del Decreto 37-2016, que le da acceso a la Superintendencia de Administraci\u00f3n Tributaria a informaci\u00f3n bancaria con fines tributarios, representa una amenaza en esta evaluaci\u00f3n, porque internacionalmente es un tema muy sensible en materia de transparencia. (DCA 24.09.18)<\/p>\n","protected":false},"excerpt":{"rendered":"<p>La estabilidad macroecon\u00f3mica, la recaudaci\u00f3n tributaria, el sistema financiero, la inversi\u00f3n, la volatilidad del tipo de cambio, la situaci\u00f3n pol\u00edtica y social del pa\u00eds, entre otros factores, ser\u00e1n evaluados hoy y ma\u00f1ana por representantes&#46;&#46;&#46;<\/p>\n","protected":false},"author":1,"featured_media":0,"comment_status":"open","ping_status":"closed","sticky":false,"template":"","format":"standard","meta":{"footnotes":""},"categories":[5],"tags":[5182,89,6509],"class_list":["post-35895","post","type-post","status-publish","format-standard","hentry","category-actividad-productiva","tag-actividad-productiva","tag-sp","tag-sergio-recinos"],"_links":{"self":[{"href":"https:\/\/copades.com\/monec\/index.php?rest_route=\/wp\/v2\/posts\/35895","targetHints":{"allow":["GET"]}}],"collection":[{"href":"https:\/\/copades.com\/monec\/index.php?rest_route=\/wp\/v2\/posts"}],"about":[{"href":"https:\/\/copades.com\/monec\/index.php?rest_route=\/wp\/v2\/types\/post"}],"author":[{"embeddable":true,"href":"https:\/\/copades.com\/monec\/index.php?rest_route=\/wp\/v2\/users\/1"}],"replies":[{"embeddable":true,"href":"https:\/\/copades.com\/monec\/index.php?rest_route=%2Fwp%2Fv2%2Fcomments&post=35895"}],"version-history":[{"count":1,"href":"https:\/\/copades.com\/monec\/index.php?rest_route=\/wp\/v2\/posts\/35895\/revisions"}],"predecessor-version":[{"id":35896,"href":"https:\/\/copades.com\/monec\/index.php?rest_route=\/wp\/v2\/posts\/35895\/revisions\/35896"}],"wp:attachment":[{"href":"https:\/\/copades.com\/monec\/index.php?rest_route=%2Fwp%2Fv2%2Fmedia&parent=35895"}],"wp:term":[{"taxonomy":"category","embeddable":true,"href":"https:\/\/copades.com\/monec\/index.php?rest_route=%2Fwp%2Fv2%2Fcategories&post=35895"},{"taxonomy":"post_tag","embeddable":true,"href":"https:\/\/copades.com\/monec\/index.php?rest_route=%2Fwp%2Fv2%2Ftags&post=35895"}],"curies":[{"name":"wp","href":"https:\/\/api.w.org\/{rel}","templated":true}]}}