{"id":35897,"date":"2018-09-24T12:01:03","date_gmt":"2018-09-24T18:01:03","guid":{"rendered":"http:\/\/copades.com\/monec\/?p=35897"},"modified":"2018-09-24T12:01:03","modified_gmt":"2018-09-24T18:01:03","slug":"migracion-aumenta-por-hambre-y-sequia","status":"publish","type":"post","link":"https:\/\/copades.com\/monec\/?p=35897","title":{"rendered":"Migraci\u00f3n aumenta por hambre y sequ\u00eda"},"content":{"rendered":"<p style=\"text-align: justify;\">El hambre, propiciada por una econom\u00eda rural en decadencia progresiva, as\u00ed como la baja de los precios del caf\u00e9, son motivos por los cuales miles de guatemaltecos migran a EE. UU. de manera ilegal, afirma un alto funcionario de la Patrulla Fronteriza citado en un art\u00edculo del Washington Post, publicado el s\u00e1bado \u00faltimo. La nota cita declaraciones de Kevin K. McAleenan, comisionado de la Patrulla de Control Fronterizo (CBP en ingl\u00e9s), quien\u00a0desestima que la violencia sea la principal causa de la salida de guatemaltecos, como lo han afirmado congresistas de ese pa\u00eds y grupos promigrantes. \u201cA\u00f1os de exiguas cosechas, sequ\u00eda y los efectos devastadores del hongo \u00f3xido de caf\u00e9 en una industria que emplea a un gran n\u00famero de guatemaltecos rurales est\u00e1n acelerando el \u00e9xodo de familias de aldeas carentes de alimentos, dicen los funcionarios de la CBP\u201d, seg\u00fan el art\u00edculo del Washington Post. McAleenan, citado por el diario, afirma: \u201cLa inseguridad alimentaria, no la violencia, parece ser un factor clave que influye en la decisi\u00f3n de viajar desde Guatemala, donde hemos visto el mayor crecimiento en el flujo migratorio este a\u00f1o\u201d. (PL 24.09.18)<\/p>\n","protected":false},"excerpt":{"rendered":"<p>El hambre, propiciada por una econom\u00eda rural en decadencia progresiva, as\u00ed como la baja de los precios del caf\u00e9, son motivos por los cuales miles de guatemaltecos migran a EE. UU. de manera ilegal,&#46;&#46;&#46;<\/p>\n","protected":false},"author":1,"featured_media":0,"comment_status":"open","ping_status":"closed","sticky":false,"template":"","format":"standard","meta":{"footnotes":""},"categories":[840],"tags":[6510,705,85,1102],"class_list":["post-35897","post","type-post","status-publish","format-standard","hentry","category-migracion","tag-cbp","tag-estados-unidos","tag-guatemala","tag-migracion-2"],"_links":{"self":[{"href":"https:\/\/copades.com\/monec\/index.php?rest_route=\/wp\/v2\/posts\/35897","targetHints":{"allow":["GET"]}}],"collection":[{"href":"https:\/\/copades.com\/monec\/index.php?rest_route=\/wp\/v2\/posts"}],"about":[{"href":"https:\/\/copades.com\/monec\/index.php?rest_route=\/wp\/v2\/types\/post"}],"author":[{"embeddable":true,"href":"https:\/\/copades.com\/monec\/index.php?rest_route=\/wp\/v2\/users\/1"}],"replies":[{"embeddable":true,"href":"https:\/\/copades.com\/monec\/index.php?rest_route=%2Fwp%2Fv2%2Fcomments&post=35897"}],"version-history":[{"count":1,"href":"https:\/\/copades.com\/monec\/index.php?rest_route=\/wp\/v2\/posts\/35897\/revisions"}],"predecessor-version":[{"id":35898,"href":"https:\/\/copades.com\/monec\/index.php?rest_route=\/wp\/v2\/posts\/35897\/revisions\/35898"}],"wp:attachment":[{"href":"https:\/\/copades.com\/monec\/index.php?rest_route=%2Fwp%2Fv2%2Fmedia&parent=35897"}],"wp:term":[{"taxonomy":"category","embeddable":true,"href":"https:\/\/copades.com\/monec\/index.php?rest_route=%2Fwp%2Fv2%2Fcategories&post=35897"},{"taxonomy":"post_tag","embeddable":true,"href":"https:\/\/copades.com\/monec\/index.php?rest_route=%2Fwp%2Fv2%2Ftags&post=35897"}],"curies":[{"name":"wp","href":"https:\/\/api.w.org\/{rel}","templated":true}]}}