{"id":36098,"date":"2018-10-08T15:57:09","date_gmt":"2018-10-08T21:57:09","guid":{"rendered":"http:\/\/copades.com\/monec\/?p=36098"},"modified":"2018-10-08T15:57:09","modified_gmt":"2018-10-08T21:57:09","slug":"pais-ratifica-interes-en-centro-ocde","status":"publish","type":"post","link":"https:\/\/copades.com\/monec\/?p=36098","title":{"rendered":"Pa\u00eds ratifica inter\u00e9s en Centro OCDE"},"content":{"rendered":"<p style=\"text-align: justify;\">Mediante una serie de reuniones con altos funcionarios de la Organizaci\u00f3n para la Cooperaci\u00f3n y Desarrollo Econ\u00f3mico (OCDE) en Paris, Francia, Guatemala reafirm\u00f3 su inter\u00e9s en ser miembro del Centro de Desarrollo de esta instituci\u00f3n, inform\u00f3 el Ministerio de Relaciones Exteriores (Minex). Durante la gira, que se realiz\u00f3 del 1 al 3 de octubre, Jairo Estrada, vicetitular de la citada cartera, convers\u00f3 con M\u00f3nica Aspe, presidenta de la Junta Directiva del Centro de Desarrollo de la OCDE, acerca de este proceso y el cumplimiento de los requisitos que se plantearon para atender la solicitud. \u201cEl ser parte de la OCDE abre\u00a0la puerta a Guatemala para participar en espacios internacionales en los cuales ampliar\u00e1 sus relaciones con bancos de desarrollo, inversionistas, organismos multilaterales y con las naciones m\u00e1s desarrolladas del mundo, por lo que esta integraci\u00f3n contribuir\u00eda a la mejora de la imagen-pa\u00eds\u201d, destac\u00f3 Julio Dougherty, viceministro de Integraci\u00f3n y Comercio Exterior. (DCA 08.10.18)<\/p>\n","protected":false},"excerpt":{"rendered":"<p>Mediante una serie de reuniones con altos funcionarios de la Organizaci\u00f3n para la Cooperaci\u00f3n y Desarrollo Econ\u00f3mico (OCDE) en Paris, Francia, Guatemala reafirm\u00f3 su inter\u00e9s en ser miembro del Centro de Desarrollo de esta&#46;&#46;&#46;<\/p>\n","protected":false},"author":1,"featured_media":0,"comment_status":"open","ping_status":"closed","sticky":false,"template":"","format":"standard","meta":{"footnotes":""},"categories":[5779],"tags":[85,180,5780],"class_list":["post-36098","post","type-post","status-publish","format-standard","hentry","category-relaciones-diplomaticas","tag-guatemala","tag-minex","tag-relaciones-diplomaticas"],"_links":{"self":[{"href":"https:\/\/copades.com\/monec\/index.php?rest_route=\/wp\/v2\/posts\/36098","targetHints":{"allow":["GET"]}}],"collection":[{"href":"https:\/\/copades.com\/monec\/index.php?rest_route=\/wp\/v2\/posts"}],"about":[{"href":"https:\/\/copades.com\/monec\/index.php?rest_route=\/wp\/v2\/types\/post"}],"author":[{"embeddable":true,"href":"https:\/\/copades.com\/monec\/index.php?rest_route=\/wp\/v2\/users\/1"}],"replies":[{"embeddable":true,"href":"https:\/\/copades.com\/monec\/index.php?rest_route=%2Fwp%2Fv2%2Fcomments&post=36098"}],"version-history":[{"count":1,"href":"https:\/\/copades.com\/monec\/index.php?rest_route=\/wp\/v2\/posts\/36098\/revisions"}],"predecessor-version":[{"id":36099,"href":"https:\/\/copades.com\/monec\/index.php?rest_route=\/wp\/v2\/posts\/36098\/revisions\/36099"}],"wp:attachment":[{"href":"https:\/\/copades.com\/monec\/index.php?rest_route=%2Fwp%2Fv2%2Fmedia&parent=36098"}],"wp:term":[{"taxonomy":"category","embeddable":true,"href":"https:\/\/copades.com\/monec\/index.php?rest_route=%2Fwp%2Fv2%2Fcategories&post=36098"},{"taxonomy":"post_tag","embeddable":true,"href":"https:\/\/copades.com\/monec\/index.php?rest_route=%2Fwp%2Fv2%2Ftags&post=36098"}],"curies":[{"name":"wp","href":"https:\/\/api.w.org\/{rel}","templated":true}]}}