{"id":36102,"date":"2018-10-09T14:18:57","date_gmt":"2018-10-09T20:18:57","guid":{"rendered":"http:\/\/copades.com\/monec\/?p=36102"},"modified":"2018-10-09T14:18:57","modified_gmt":"2018-10-09T20:18:57","slug":"chixoy-sigue-ocupada","status":"publish","type":"post","link":"https:\/\/copades.com\/monec\/?p=36102","title":{"rendered":"Chixoy sigue ocupada"},"content":{"rendered":"<p style=\"text-align: justify;\">A dos semanas de ocupaci\u00f3n de las instalaciones de la hidroel\u00e9ctrica Chixoy por parte de pobladores de la comunidad La Campana, el Inde hace un llamado para que contin\u00faen el di\u00e1logo; pero refiere que de no lograrse un acuerdo, empezar\u00e1 a tomar acciones legales para proteger la infraestructura de la generadora, propiedad del Estado. Chixoy es la hidroel\u00e9ctrica m\u00e1s grande del pa\u00eds, con 281 megavatios y con embalse de regulaci\u00f3n anual. La comunidad tom\u00f3 esas medidas el 25 de septiembre para exigir el pago del resarcimiento, establecido por el Gobierno en el 2014, por haber usado sus tierras para construir la generadora. Ayer, mediante comunicado, el Instituto Nacional de Electrificaci\u00f3n (Inde) expres\u00f3 preocupaci\u00f3n por \u201cla ocupaci\u00f3n, uso intimidatorio de armas de fuego, disparos y amenazas de quemar la bocatoma de la hidroel\u00e9ctrica\u201d. Expuso que no tiene competencia legal para negociar con la comunidad y que los facultados son la Comisi\u00f3n Presidencial del Di\u00e1logo, la Comisi\u00f3n Presidencial Coordinadora de la Pol\u00edtica del Ejecutivo en Derechos Humanos y la Procuradur\u00eda General de la Naci\u00f3n. (PL 09.10.18)<\/p>\n","protected":false},"excerpt":{"rendered":"<p>A dos semanas de ocupaci\u00f3n de las instalaciones de la hidroel\u00e9ctrica Chixoy por parte de pobladores de la comunidad La Campana, el Inde hace un llamado para que contin\u00faen el di\u00e1logo; pero refiere que&#46;&#46;&#46;<\/p>\n","protected":false},"author":1,"featured_media":0,"comment_status":"open","ping_status":"closed","sticky":false,"template":"","format":"standard","meta":{"footnotes":""},"categories":[14],"tags":[6530,85,292],"class_list":["post-36102","post","type-post","status-publish","format-standard","hentry","category-energia-electrica","tag-chixoy","tag-guatemala","tag-inde"],"_links":{"self":[{"href":"https:\/\/copades.com\/monec\/index.php?rest_route=\/wp\/v2\/posts\/36102","targetHints":{"allow":["GET"]}}],"collection":[{"href":"https:\/\/copades.com\/monec\/index.php?rest_route=\/wp\/v2\/posts"}],"about":[{"href":"https:\/\/copades.com\/monec\/index.php?rest_route=\/wp\/v2\/types\/post"}],"author":[{"embeddable":true,"href":"https:\/\/copades.com\/monec\/index.php?rest_route=\/wp\/v2\/users\/1"}],"replies":[{"embeddable":true,"href":"https:\/\/copades.com\/monec\/index.php?rest_route=%2Fwp%2Fv2%2Fcomments&post=36102"}],"version-history":[{"count":1,"href":"https:\/\/copades.com\/monec\/index.php?rest_route=\/wp\/v2\/posts\/36102\/revisions"}],"predecessor-version":[{"id":36103,"href":"https:\/\/copades.com\/monec\/index.php?rest_route=\/wp\/v2\/posts\/36102\/revisions\/36103"}],"wp:attachment":[{"href":"https:\/\/copades.com\/monec\/index.php?rest_route=%2Fwp%2Fv2%2Fmedia&parent=36102"}],"wp:term":[{"taxonomy":"category","embeddable":true,"href":"https:\/\/copades.com\/monec\/index.php?rest_route=%2Fwp%2Fv2%2Fcategories&post=36102"},{"taxonomy":"post_tag","embeddable":true,"href":"https:\/\/copades.com\/monec\/index.php?rest_route=%2Fwp%2Fv2%2Ftags&post=36102"}],"curies":[{"name":"wp","href":"https:\/\/api.w.org\/{rel}","templated":true}]}}